{"id":4598,"date":"2020-09-10T09:39:21","date_gmt":"2020-09-10T12:39:21","guid":{"rendered":"http:\/\/sioncuritiba.com.br\/batel\/?p=4598"},"modified":"2020-09-10T10:24:02","modified_gmt":"2020-09-10T13:24:02","slug":"campanha-solidaria","status":"publish","type":"post","link":"https:\/\/sioncuritiba.com.br\/batel\/eventos\/campanha-solidaria\/","title":{"rendered":"Campanha Solid\u00e1ria"},"content":{"rendered":"\n<figure class=\"wp-block-image size-large\"><img fetchpriority=\"high\" decoding=\"async\" width=\"819\" height=\"1024\" src=\"http:\/\/sioncuritiba.com.br\/batel\/wp-content\/uploads\/sites\/2\/2020\/09\/20200909_sem1_sion-819x1024.png\" alt=\"\" class=\"wp-image-4597\" srcset=\"https:\/\/sioncuritiba.com.br\/batel\/wp-content\/uploads\/sites\/2\/2020\/09\/20200909_sem1_sion-819x1024.png 819w, https:\/\/sioncuritiba.com.br\/batel\/wp-content\/uploads\/sites\/2\/2020\/09\/20200909_sem1_sion-240x300.png 240w, https:\/\/sioncuritiba.com.br\/batel\/wp-content\/uploads\/sites\/2\/2020\/09\/20200909_sem1_sion-768x960.png 768w, https:\/\/sioncuritiba.com.br\/batel\/wp-content\/uploads\/sites\/2\/2020\/09\/20200909_sem1_sion.png 1080w\" sizes=\"(max-width: 819px) 100vw, 819px\" \/><\/figure>\n\n\n\n<p>Uma das caracter\u00edsticas dos Jogos Internos Sion \u00e9 a solidariedade. Todos os anos as equipes Notre P\u00e8re, P\u00e8re Marie, Montessori e Ramain arrecadam alimentos, material de higiene e fraldas geri\u00e1tricas que s\u00e3o destinados a algumas institui\u00e7\u00f5es.<\/p>\n\n\n\n<p>Por\u00e9m, devido \u00e0 pandemia, os protocolos de recebimento e armazenamento de alimentos mudaram, assim como a log\u00edstica de higieniza\u00e7\u00e3o que est\u00e1 bem mais rigorosa, o que tornou invi\u00e1vel essa forma de arrecada\u00e7\u00e3o.<\/p>\n\n\n\n<p>Mas quem \u00e9 sionense encontra formas alternativas de ajudar. Nesse ano, as doa\u00e7\u00f5es ser\u00e3o virtuais e ser\u00e3o creditadas diretamente na conta das institui\u00e7\u00f5es selecionadas. As doa\u00e7\u00f5es come\u00e7am nesta sexta-feira (11\/09), a partir das 12h, e v\u00e3o at\u00e9 o dia 17\/09 \u00e0s 18h.<\/p>\n\n\n\n<p>Sabe quem vai ganhar? As institui\u00e7\u00f5es que tanto precisam! Durante a semana, postaremos v\u00eddeos e informa\u00e7\u00f5es a respeito de cada uma, para que voc\u00ea as conhe\u00e7a melhor e possa ajudar quem mais necessita! E, \u00e9 claro, acumular pontos para seu time \ud83d\ude42<\/p>\n\n\n\n<p>Confira as institui\u00e7\u00f5es beneficiadas e acesse os links para poder doar.<\/p>\n\n\n\n<p><strong>Sede Batel:<\/strong><\/p>\n\n\n\n<p>Equipe NOTRE P\u00c8RE<\/p>\n\n\n\n<p>Casa de Repouso \u201cVinde a Mim\u201d \u2013 End.: R. Jo\u00e3o Dalegrave, 242 \u2013 Bacacheri.<\/p>\n\n\n\n<p><a href=\"http:\/\/vaka.me\/1356996?utm_campaign=whatsapp&amp;utm_medium=website&amp;utm_content=1356996&amp;utm_source=social-shares\">http:\/\/vaka.me\/1356996?utm_campaign=whatsapp&amp;utm_medium=website&amp;utm_content=1356996&amp;utm_source=social-shares<\/a><\/p>\n\n\n\n<p>Equipe P\u00c8RE MARIE<\/p>\n\n\n\n<p>Casa de Repouso \u201cBem Cuidar\u201d \u2013 End.: Rua Rio Paranapanema, 380 &#8211; Weiss\u00f3polis, Pinhais.<\/p>\n\n\n\n<p><a href=\"http:\/\/vaka.me\/1361796?utm_campaign=whatsapp&amp;utm_medium=website&amp;utm_content=1361796&amp;utm_source=social-shares\">http:\/\/vaka.me\/1361796?utm_campaign=whatsapp&amp;utm_medium=website&amp;utm_content=1361796&amp;utm_source=social-shares<\/a><\/p>\n\n\n\n<p>Equipe MONTESSORI<\/p>\n\n\n\n<p>Lar \u201cLar Esperan\u00e7a &amp; Casa do Vovo\u201d &nbsp;\u2013 End.: Rua S\u00edlvio Piotto, 300 &#8211; Campo Comprido.<\/p>\n\n\n\n<p><a href=\"http:\/\/vaka.me\/1360807\">http:\/\/vaka.me\/1360807<\/a><\/p>\n\n\n\n<p>Equipe RAMAIN<\/p>\n\n\n\n<p>Casa de Repouso \u201cVov\u00f3 Cec\u00edlia \u2013 End.: Rua Hip\u00f3lito da Costa, 1965 \u2013 Boqueir\u00e3o.<\/p>\n\n\n\n<p><a href=\"http:\/\/vaka.me\/1363475?utm_campaign=whatsapp&amp;utm_medium=website&amp;utm_content=1363475&amp;utm_source=social-shares\">http:\/\/vaka.me\/1363475?utm_campaign=whatsapp&amp;utm_medium=website&amp;utm_content=1363475&amp;utm_source=social-shares<\/a><\/p>\n\n\n\n<p><strong>Sede Solitude:<\/strong><\/p>\n\n\n\n<p>Equipe NOTRE P\u00c8RE &#8211; \u2022 Associa\u00e7\u00e3o Borda Viva \u2013 comunidade de Borda do Campo, S\u00e3o Jos\u00e9 dos Pinhais.<\/p>\n\n\n\n<p><a href=\"https:\/\/www.vakinha.com.br\/vaquinha\/associacao-borda-viva\">https:\/\/www.vakinha.com.br\/vaquinha\/associacao-borda-viva<\/a><\/p>\n\n\n\n<p>Equipe P\u00c8RE MARIE &#8211; Lar Jesus Maria Jos\u00e9 \u2013 End.: Rua Otavio S\u00e1 Barreto, 75 &#8211; Borda do Campo de S\u00e3o Sebasti\u00e3o, S.J.P.<\/p>\n\n\n\n<p><a href=\"https:\/\/www.vakinha.com.br\/vaquinha\/campanha-solidaria-para-compra-de-fraldas-geriatricas\">https:\/\/www.vakinha.com.br\/vaquinha\/campanha-solidaria-para-compra-de-fraldas-geriatricas<\/a><\/p>\n\n\n\n<p>Equipe MONTESSORI \u2013 Associa\u00e7\u00e3o dos Deficientes F\u00edsicos do Paran\u00e1 \u2013 End.: Rua XV de Novembro, 2765 &#8211; Alto da XV.<\/p>\n\n\n\n<p><a href=\"https:\/\/www.vakinha.com.br\/vaquinha\/adfp\">https:\/\/www.vakinha.com.br\/vaquinha\/adfp<\/a><\/p>\n\n\n\n<p>Equipe RAMAIN \u2013 Brasil sem Frestas \u2013 Site: brasilsemfrestas.com.br.<\/p>\n\n\n\n<p><a href=\"https:\/\/www.vakinha.com.br\/vaquinha\/acao-social-na-quarentena\">https:\/\/www.vakinha.com.br\/vaquinha\/acao-social-na-quarentena<\/a><\/p>\n\n\n\n<p><\/p>\n","protected":false},"excerpt":{"rendered":"<p>Uma das caracter\u00edsticas dos Jogos Internos Sion \u00e9 a solidariedade. Todos os anos as equipes Notre P\u00e8re, P\u00e8re Marie, Montessori e Ramain arrecadam alimentos, material de higiene e fraldas geri\u00e1tricas que s\u00e3o destinados a algumas institui\u00e7\u00f5es. Por\u00e9m, devido \u00e0 pandemia, os protocolos de recebimento e armazenamento de alimentos mudaram, assim como a log\u00edstica de higieniza\u00e7\u00e3o [&hellip;]<\/p>\n","protected":false},"author":2,"featured_media":4597,"comment_status":"open","ping_status":"open","sticky":false,"template":"","format":"standard","meta":{"footnotes":""},"categories":[16],"tags":[19],"class_list":["post-4598","post","type-post","status-publish","format-standard","has-post-thumbnail","hentry","category-eventos","tag-noticias"],"yoast_head":"<!-- This site is optimized with the Yoast SEO plugin v26.8 - https:\/\/yoast.com\/product\/yoast-seo-wordpress\/ -->\n<title>Campanha Solid\u00e1ria - Sion Batel<\/title>\n<meta name=\"robots\" content=\"index, follow, max-snippet:-1, max-image-preview:large, max-video-preview:-1\" \/>\n<link rel=\"canonical\" href=\"http:\/\/sioncuritiba.com.br\/batel\/eventos\/campanha-solidaria\/\" \/>\n<meta property=\"og:locale\" content=\"pt_BR\" \/>\n<meta property=\"og:type\" content=\"article\" \/>\n<meta property=\"og:title\" content=\"Campanha Solid\u00e1ria - Sion Batel\" \/>\n<meta property=\"og:description\" content=\"Uma das caracter\u00edsticas dos Jogos Internos Sion \u00e9 a solidariedade. Todos os anos as equipes Notre P\u00e8re, P\u00e8re Marie, Montessori e Ramain arrecadam alimentos, material de higiene e fraldas geri\u00e1tricas que s\u00e3o destinados a algumas institui\u00e7\u00f5es. Por\u00e9m, devido \u00e0 pandemia, os protocolos de recebimento e armazenamento de alimentos mudaram, assim como a log\u00edstica de higieniza\u00e7\u00e3o [&hellip;]\" \/>\n<meta property=\"og:url\" content=\"http:\/\/sioncuritiba.com.br\/batel\/eventos\/campanha-solidaria\/\" \/>\n<meta property=\"og:site_name\" content=\"Sion Batel\" \/>\n<meta property=\"article:published_time\" content=\"2020-09-10T12:39:21+00:00\" \/>\n<meta property=\"article:modified_time\" content=\"2020-09-10T13:24:02+00:00\" \/>\n<meta property=\"og:image\" content=\"http:\/\/sioncuritiba.com.br\/batel\/wp-content\/uploads\/sites\/2\/2020\/09\/20200909_sem1_sion.png\" \/>\n\t<meta property=\"og:image:width\" content=\"1080\" \/>\n\t<meta property=\"og:image:height\" content=\"1350\" \/>\n\t<meta property=\"og:image:type\" content=\"image\/png\" \/>\n<meta name=\"author\" content=\"priscila\" \/>\n<meta name=\"twitter:card\" content=\"summary_large_image\" \/>\n<meta name=\"twitter:label1\" content=\"Escrito por\" \/>\n\t<meta name=\"twitter:data1\" content=\"priscila\" \/>\n\t<meta name=\"twitter:label2\" content=\"Est. tempo de leitura\" \/>\n\t<meta name=\"twitter:data2\" content=\"2 minutos\" \/>\n<script type=\"application\/ld+json\" class=\"yoast-schema-graph\">{\"@context\":\"https:\/\/schema.org\",\"@graph\":[{\"@type\":\"Article\",\"@id\":\"http:\/\/sioncuritiba.com.br\/batel\/eventos\/campanha-solidaria\/#article\",\"isPartOf\":{\"@id\":\"http:\/\/sioncuritiba.com.br\/batel\/eventos\/campanha-solidaria\/\"},\"author\":{\"name\":\"priscila\",\"@id\":\"https:\/\/sioncuritiba.com.br\/batel\/#\/schema\/person\/0886f84a982e7a61d3013db9fff526ff\"},\"headline\":\"Campanha Solid\u00e1ria\",\"datePublished\":\"2020-09-10T12:39:21+00:00\",\"dateModified\":\"2020-09-10T13:24:02+00:00\",\"mainEntityOfPage\":{\"@id\":\"http:\/\/sioncuritiba.com.br\/batel\/eventos\/campanha-solidaria\/\"},\"wordCount\":409,\"commentCount\":0,\"image\":{\"@id\":\"http:\/\/sioncuritiba.com.br\/batel\/eventos\/campanha-solidaria\/#primaryimage\"},\"thumbnailUrl\":\"https:\/\/sioncuritiba.com.br\/batel\/wp-content\/uploads\/sites\/2\/2020\/09\/20200909_sem1_sion.png\",\"keywords\":[\"Not\u00edcias\"],\"articleSection\":[\"Eventos\"],\"inLanguage\":\"pt-BR\",\"potentialAction\":[{\"@type\":\"CommentAction\",\"name\":\"Comment\",\"target\":[\"http:\/\/sioncuritiba.com.br\/batel\/eventos\/campanha-solidaria\/#respond\"]}]},{\"@type\":\"WebPage\",\"@id\":\"http:\/\/sioncuritiba.com.br\/batel\/eventos\/campanha-solidaria\/\",\"url\":\"http:\/\/sioncuritiba.com.br\/batel\/eventos\/campanha-solidaria\/\",\"name\":\"Campanha Solid\u00e1ria - Sion Batel\",\"isPartOf\":{\"@id\":\"https:\/\/sioncuritiba.com.br\/batel\/#website\"},\"primaryImageOfPage\":{\"@id\":\"http:\/\/sioncuritiba.com.br\/batel\/eventos\/campanha-solidaria\/#primaryimage\"},\"image\":{\"@id\":\"http:\/\/sioncuritiba.com.br\/batel\/eventos\/campanha-solidaria\/#primaryimage\"},\"thumbnailUrl\":\"https:\/\/sioncuritiba.com.br\/batel\/wp-content\/uploads\/sites\/2\/2020\/09\/20200909_sem1_sion.png\",\"datePublished\":\"2020-09-10T12:39:21+00:00\",\"dateModified\":\"2020-09-10T13:24:02+00:00\",\"author\":{\"@id\":\"https:\/\/sioncuritiba.com.br\/batel\/#\/schema\/person\/0886f84a982e7a61d3013db9fff526ff\"},\"breadcrumb\":{\"@id\":\"http:\/\/sioncuritiba.com.br\/batel\/eventos\/campanha-solidaria\/#breadcrumb\"},\"inLanguage\":\"pt-BR\",\"potentialAction\":[{\"@type\":\"ReadAction\",\"target\":[\"http:\/\/sioncuritiba.com.br\/batel\/eventos\/campanha-solidaria\/\"]}]},{\"@type\":\"ImageObject\",\"inLanguage\":\"pt-BR\",\"@id\":\"http:\/\/sioncuritiba.com.br\/batel\/eventos\/campanha-solidaria\/#primaryimage\",\"url\":\"https:\/\/sioncuritiba.com.br\/batel\/wp-content\/uploads\/sites\/2\/2020\/09\/20200909_sem1_sion.png\",\"contentUrl\":\"https:\/\/sioncuritiba.com.br\/batel\/wp-content\/uploads\/sites\/2\/2020\/09\/20200909_sem1_sion.png\",\"width\":1080,\"height\":1350},{\"@type\":\"BreadcrumbList\",\"@id\":\"http:\/\/sioncuritiba.com.br\/batel\/eventos\/campanha-solidaria\/#breadcrumb\",\"itemListElement\":[{\"@type\":\"ListItem\",\"position\":1,\"name\":\"In\u00edcio\",\"item\":\"https:\/\/sioncuritiba.com.br\/batel\/\"},{\"@type\":\"ListItem\",\"position\":2,\"name\":\"Campanha Solid\u00e1ria\"}]},{\"@type\":\"WebSite\",\"@id\":\"https:\/\/sioncuritiba.com.br\/batel\/#website\",\"url\":\"https:\/\/sioncuritiba.com.br\/batel\/\",\"name\":\"Sion Batel\",\"description\":\"Col\u00e9gio Nossa Senhora de Sion\",\"potentialAction\":[{\"@type\":\"SearchAction\",\"target\":{\"@type\":\"EntryPoint\",\"urlTemplate\":\"https:\/\/sioncuritiba.com.br\/batel\/?s={search_term_string}\"},\"query-input\":{\"@type\":\"PropertyValueSpecification\",\"valueRequired\":true,\"valueName\":\"search_term_string\"}}],\"inLanguage\":\"pt-BR\"},{\"@type\":\"Person\",\"@id\":\"https:\/\/sioncuritiba.com.br\/batel\/#\/schema\/person\/0886f84a982e7a61d3013db9fff526ff\",\"name\":\"priscila\",\"image\":{\"@type\":\"ImageObject\",\"inLanguage\":\"pt-BR\",\"@id\":\"https:\/\/sioncuritiba.com.br\/batel\/#\/schema\/person\/image\/\",\"url\":\"https:\/\/secure.gravatar.com\/avatar\/e9b9fb2b123e8ea9c4d7d8d8e025672ce06ab49ff7b8d22e188ae900f2ee2ced?s=96&d=mm&r=g\",\"contentUrl\":\"https:\/\/secure.gravatar.com\/avatar\/e9b9fb2b123e8ea9c4d7d8d8e025672ce06ab49ff7b8d22e188ae900f2ee2ced?s=96&d=mm&r=g\",\"caption\":\"priscila\"},\"url\":\"https:\/\/sioncuritiba.com.br\/batel\/author\/priscila\/\"}]}<\/script>\n<!-- \/ Yoast SEO plugin. -->","yoast_head_json":{"title":"Campanha Solid\u00e1ria - Sion Batel","robots":{"index":"index","follow":"follow","max-snippet":"max-snippet:-1","max-image-preview":"max-image-preview:large","max-video-preview":"max-video-preview:-1"},"canonical":"http:\/\/sioncuritiba.com.br\/batel\/eventos\/campanha-solidaria\/","og_locale":"pt_BR","og_type":"article","og_title":"Campanha Solid\u00e1ria - Sion Batel","og_description":"Uma das caracter\u00edsticas dos Jogos Internos Sion \u00e9 a solidariedade. Todos os anos as equipes Notre P\u00e8re, P\u00e8re Marie, Montessori e Ramain arrecadam alimentos, material de higiene e fraldas geri\u00e1tricas que s\u00e3o destinados a algumas institui\u00e7\u00f5es. Por\u00e9m, devido \u00e0 pandemia, os protocolos de recebimento e armazenamento de alimentos mudaram, assim como a log\u00edstica de higieniza\u00e7\u00e3o [&hellip;]","og_url":"http:\/\/sioncuritiba.com.br\/batel\/eventos\/campanha-solidaria\/","og_site_name":"Sion Batel","article_published_time":"2020-09-10T12:39:21+00:00","article_modified_time":"2020-09-10T13:24:02+00:00","og_image":[{"width":1080,"height":1350,"url":"http:\/\/sioncuritiba.com.br\/batel\/wp-content\/uploads\/sites\/2\/2020\/09\/20200909_sem1_sion.png","type":"image\/png"}],"author":"priscila","twitter_card":"summary_large_image","twitter_misc":{"Escrito por":"priscila","Est. tempo de leitura":"2 minutos"},"schema":{"@context":"https:\/\/schema.org","@graph":[{"@type":"Article","@id":"http:\/\/sioncuritiba.com.br\/batel\/eventos\/campanha-solidaria\/#article","isPartOf":{"@id":"http:\/\/sioncuritiba.com.br\/batel\/eventos\/campanha-solidaria\/"},"author":{"name":"priscila","@id":"https:\/\/sioncuritiba.com.br\/batel\/#\/schema\/person\/0886f84a982e7a61d3013db9fff526ff"},"headline":"Campanha Solid\u00e1ria","datePublished":"2020-09-10T12:39:21+00:00","dateModified":"2020-09-10T13:24:02+00:00","mainEntityOfPage":{"@id":"http:\/\/sioncuritiba.com.br\/batel\/eventos\/campanha-solidaria\/"},"wordCount":409,"commentCount":0,"image":{"@id":"http:\/\/sioncuritiba.com.br\/batel\/eventos\/campanha-solidaria\/#primaryimage"},"thumbnailUrl":"https:\/\/sioncuritiba.com.br\/batel\/wp-content\/uploads\/sites\/2\/2020\/09\/20200909_sem1_sion.png","keywords":["Not\u00edcias"],"articleSection":["Eventos"],"inLanguage":"pt-BR","potentialAction":[{"@type":"CommentAction","name":"Comment","target":["http:\/\/sioncuritiba.com.br\/batel\/eventos\/campanha-solidaria\/#respond"]}]},{"@type":"WebPage","@id":"http:\/\/sioncuritiba.com.br\/batel\/eventos\/campanha-solidaria\/","url":"http:\/\/sioncuritiba.com.br\/batel\/eventos\/campanha-solidaria\/","name":"Campanha Solid\u00e1ria - Sion Batel","isPartOf":{"@id":"https:\/\/sioncuritiba.com.br\/batel\/#website"},"primaryImageOfPage":{"@id":"http:\/\/sioncuritiba.com.br\/batel\/eventos\/campanha-solidaria\/#primaryimage"},"image":{"@id":"http:\/\/sioncuritiba.com.br\/batel\/eventos\/campanha-solidaria\/#primaryimage"},"thumbnailUrl":"https:\/\/sioncuritiba.com.br\/batel\/wp-content\/uploads\/sites\/2\/2020\/09\/20200909_sem1_sion.png","datePublished":"2020-09-10T12:39:21+00:00","dateModified":"2020-09-10T13:24:02+00:00","author":{"@id":"https:\/\/sioncuritiba.com.br\/batel\/#\/schema\/person\/0886f84a982e7a61d3013db9fff526ff"},"breadcrumb":{"@id":"http:\/\/sioncuritiba.com.br\/batel\/eventos\/campanha-solidaria\/#breadcrumb"},"inLanguage":"pt-BR","potentialAction":[{"@type":"ReadAction","target":["http:\/\/sioncuritiba.com.br\/batel\/eventos\/campanha-solidaria\/"]}]},{"@type":"ImageObject","inLanguage":"pt-BR","@id":"http:\/\/sioncuritiba.com.br\/batel\/eventos\/campanha-solidaria\/#primaryimage","url":"https:\/\/sioncuritiba.com.br\/batel\/wp-content\/uploads\/sites\/2\/2020\/09\/20200909_sem1_sion.png","contentUrl":"https:\/\/sioncuritiba.com.br\/batel\/wp-content\/uploads\/sites\/2\/2020\/09\/20200909_sem1_sion.png","width":1080,"height":1350},{"@type":"BreadcrumbList","@id":"http:\/\/sioncuritiba.com.br\/batel\/eventos\/campanha-solidaria\/#breadcrumb","itemListElement":[{"@type":"ListItem","position":1,"name":"In\u00edcio","item":"https:\/\/sioncuritiba.com.br\/batel\/"},{"@type":"ListItem","position":2,"name":"Campanha Solid\u00e1ria"}]},{"@type":"WebSite","@id":"https:\/\/sioncuritiba.com.br\/batel\/#website","url":"https:\/\/sioncuritiba.com.br\/batel\/","name":"Sion Batel","description":"Col\u00e9gio Nossa Senhora de Sion","potentialAction":[{"@type":"SearchAction","target":{"@type":"EntryPoint","urlTemplate":"https:\/\/sioncuritiba.com.br\/batel\/?s={search_term_string}"},"query-input":{"@type":"PropertyValueSpecification","valueRequired":true,"valueName":"search_term_string"}}],"inLanguage":"pt-BR"},{"@type":"Person","@id":"https:\/\/sioncuritiba.com.br\/batel\/#\/schema\/person\/0886f84a982e7a61d3013db9fff526ff","name":"priscila","image":{"@type":"ImageObject","inLanguage":"pt-BR","@id":"https:\/\/sioncuritiba.com.br\/batel\/#\/schema\/person\/image\/","url":"https:\/\/secure.gravatar.com\/avatar\/e9b9fb2b123e8ea9c4d7d8d8e025672ce06ab49ff7b8d22e188ae900f2ee2ced?s=96&d=mm&r=g","contentUrl":"https:\/\/secure.gravatar.com\/avatar\/e9b9fb2b123e8ea9c4d7d8d8e025672ce06ab49ff7b8d22e188ae900f2ee2ced?s=96&d=mm&r=g","caption":"priscila"},"url":"https:\/\/sioncuritiba.com.br\/batel\/author\/priscila\/"}]}},"_links":{"self":[{"href":"https:\/\/sioncuritiba.com.br\/batel\/wp-json\/wp\/v2\/posts\/4598","targetHints":{"allow":["GET"]}}],"collection":[{"href":"https:\/\/sioncuritiba.com.br\/batel\/wp-json\/wp\/v2\/posts"}],"about":[{"href":"https:\/\/sioncuritiba.com.br\/batel\/wp-json\/wp\/v2\/types\/post"}],"author":[{"embeddable":true,"href":"https:\/\/sioncuritiba.com.br\/batel\/wp-json\/wp\/v2\/users\/2"}],"replies":[{"embeddable":true,"href":"https:\/\/sioncuritiba.com.br\/batel\/wp-json\/wp\/v2\/comments?post=4598"}],"version-history":[{"count":2,"href":"https:\/\/sioncuritiba.com.br\/batel\/wp-json\/wp\/v2\/posts\/4598\/revisions"}],"predecessor-version":[{"id":4601,"href":"https:\/\/sioncuritiba.com.br\/batel\/wp-json\/wp\/v2\/posts\/4598\/revisions\/4601"}],"wp:featuredmedia":[{"embeddable":true,"href":"https:\/\/sioncuritiba.com.br\/batel\/wp-json\/wp\/v2\/media\/4597"}],"wp:attachment":[{"href":"https:\/\/sioncuritiba.com.br\/batel\/wp-json\/wp\/v2\/media?parent=4598"}],"wp:term":[{"taxonomy":"category","embeddable":true,"href":"https:\/\/sioncuritiba.com.br\/batel\/wp-json\/wp\/v2\/categories?post=4598"},{"taxonomy":"post_tag","embeddable":true,"href":"https:\/\/sioncuritiba.com.br\/batel\/wp-json\/wp\/v2\/tags?post=4598"}],"curies":[{"name":"wp","href":"https:\/\/api.w.org\/{rel}","templated":true}]}}