{"id":10067,"date":"2025-12-04T10:42:50","date_gmt":"2025-12-04T13:42:50","guid":{"rendered":"https:\/\/sioncuritiba.com.br\/solitude\/?p=10067"},"modified":"2025-12-04T10:42:51","modified_gmt":"2025-12-04T13:42:51","slug":"os-ensinamentos-do-sion-na-trajetoria-de-tales-de-sodre-e-macedo-uma-formacao-que-transcende-o-tempo","status":"publish","type":"post","link":"https:\/\/sioncuritiba.com.br\/solitude\/blog\/comunidade-sionense\/os-ensinamentos-do-sion-na-trajetoria-de-tales-de-sodre-e-macedo-uma-formacao-que-transcende-o-tempo\/","title":{"rendered":"Os ensinamentos do Sion na trajet\u00f3ria de Tales de Sodr\u00e9 e Macedo: uma forma\u00e7\u00e3o que transcende o tempo"},"content":{"rendered":"\n<p><br>O advogado <strong>Tales de Sodr\u00e9 e Macedo<\/strong>, ex-aluno do Sion Batel, relembra com emo\u00e7\u00e3o os valores que moldaram sua vida pessoal e profissional, destacando o sentimento de pertencimento, o acolhimento e a forma\u00e7\u00e3o humana recebidos na escola.<\/p>\n\n\n\n<p>\u201cFalar de Sion \u00e9 falar do sentimento de acolhimento mais profundo que uma crian\u00e7a \u2014 jovem na d\u00e9cada de 80 \u2014 poderia imaginar\u201d, recorda <strong>Tales<\/strong>, que estudou no Sion Batel do ensino infantil ao final do Ensino M\u00e9dio. \u201cSion era uma extens\u00e3o de minha casa logo ali ao lado, onde verdadeiramente senti-me parte do todo e integrado com seguran\u00e7a a um verdadeiro ber\u00e7o da sabedoria\u201d.<\/p>\n\n\n\n<p>O ex-aluno relembra com carinho a rotina da escola, as amizades e a conviv\u00eancia com professores e colaboradores. \u201cAs lembran\u00e7as s\u00e3o t\u00e3o frescas como se daqui a pouco fosse encontrar os amigos \u00e0 tarde, p\u00f3s-aulas matutinas, para um futebol ou um trabalho na biblioteca\u201d, comenta. \u201cO Sion foi o lugar onde aprendi o valor da conviv\u00eancia, do respeito e da alegria compartilhada\u201d.<\/p>\n\n\n\n<p><strong>Uma forma\u00e7\u00e3o humana que atravessa a vida<\/strong><br>Hoje, com 53 anos e uma carreira consolidada no Direito, <strong>Tales<\/strong> reconhece o impacto da forma\u00e7\u00e3o recebida no Sion em sua trajet\u00f3ria profissional. \u201cMinha atua\u00e7\u00e3o no Direito, sempre t\u00e9cnica e focada nas regras, por vezes duras da lei, recorre ordinariamente ao aspecto mais reluzente de minha forma\u00e7\u00e3o: o olhar humano sobre todas as situa\u00e7\u00f5es\u201d, afirma.<\/p>\n\n\n\n<p>Segundo ele, a conviv\u00eancia no ambiente escolar moldou sua personalidade e senso de justi\u00e7a. \u201cMinha convic\u00e7\u00e3o profissional certamente adotou esta caracter\u00edstica e sua psicologia intr\u00ednseca, moldada nos corredores, nas quadras de esporte, nas sabatinas da fanfarra e na rela\u00e7\u00e3o direta e afetiva entre jovens e educadores\u201d.<\/p>\n\n\n\n<p><strong>Valores que permanecem<\/strong><br><strong>Tales<\/strong> acredita que o Sion o ajudou a construir uma base s\u00f3lida de princ\u00edpios e resili\u00eancia. \u201cOs valores morais da integridade humana e a perspectiva positiva diante da vida s\u00e3o flagrantes, especialmente nos momentos mais controversos. A resili\u00eancia diante da dificuldade ou a alegria diante de um bem alcan\u00e7ado modulam este sentimento esculpido nesta institui\u00e7\u00e3o\u201d.<\/p>\n\n\n\n<p>Mesmo ap\u00f3s mais de 35 anos, ele reconhece que o sentimento de pertencimento segue vivo. \u201cO mundo mudou, creio que o sistema de ensino tamb\u00e9m, mas o sentimento de representar com altivez os valores cativados no melhor do ser humano&#8230; isso n\u00e3o se perde jamais\u201d.<\/p>\n\n\n\n<p><strong>Gratid\u00e3o e legado<\/strong><br>O ex-aluno tamb\u00e9m faz quest\u00e3o de expressar gratid\u00e3o \u00e0s figuras que marcaram sua trajet\u00f3ria no Sion. \u201cRendo homenagem \u00e0quela, por vezes incompreendida pelos jovens, mas certamente reconhecida por todos que passaram pela sua tutela \u2014 Soeur Cristina, a alma desta institui\u00e7\u00e3o. E \u00e0s minhas queridas colegas Magda e Juliana, que t\u00e3o bem deram continuidade \u00e0 dire\u00e7\u00e3o das novas gera\u00e7\u00f5es\u201d.<\/p>\n\n\n\n<p><strong>Tales<\/strong> tamb\u00e9m destaca a import\u00e2ncia da professora M\u00f4nica Lopes: \u201cFa\u00e7o minha reden\u00e7\u00e3o do conhecimento \u00e0quela que melhor simbolizou sua aplica\u00e7\u00e3o com maestria e profundidade, nossa eterna paraninfa\u201d.<\/p>\n\n\n\n<p>Para ele, o legado do Sion ultrapassa as paredes da escola e permanece vivo nos valores de quem passou por l\u00e1. \u201cPertencimento, reconhecimento e acolhimento, valores aqui bem representados condignamente em minha alma e cora\u00e7\u00e3o\u201d, finaliza emocionado. \u201cObrigado, Sion\u201d.<\/p>\n","protected":false},"excerpt":{"rendered":"<p>O advogado Tales de Sodr\u00e9 e Macedo, ex-aluno do Sion Batel, relembra com emo\u00e7\u00e3o os valores que moldaram sua vida pessoal e profissional, destacando o sentimento de pertencimento, o acolhimento e a forma\u00e7\u00e3o humana recebidos na escola. \u201cFalar de Sion \u00e9 falar do sentimento de acolhimento mais profundo que uma crian\u00e7a \u2014 jovem na d\u00e9cada [&hellip;]<\/p>\n","protected":false},"author":4,"featured_media":10068,"comment_status":"open","ping_status":"open","sticky":false,"template":"","format":"standard","meta":{"footnotes":""},"categories":[29],"tags":[11],"class_list":["post-10067","post","type-post","status-publish","format-standard","has-post-thumbnail","hentry","category-comunidade-sionense","tag-noticias"],"yoast_head":"<!-- This site is optimized with the Yoast SEO plugin v26.8 - https:\/\/yoast.com\/product\/yoast-seo-wordpress\/ -->\n<title>Os ensinamentos do Sion na trajet\u00f3ria de Tales de Sodr\u00e9 e Macedo: uma forma\u00e7\u00e3o que transcende o tempo - Sion Solitude<\/title>\n<meta name=\"robots\" content=\"index, follow, max-snippet:-1, max-image-preview:large, max-video-preview:-1\" \/>\n<link rel=\"canonical\" href=\"https:\/\/sioncuritiba.com.br\/solitude\/blog\/comunidade-sionense\/os-ensinamentos-do-sion-na-trajetoria-de-tales-de-sodre-e-macedo-uma-formacao-que-transcende-o-tempo\/\" \/>\n<meta property=\"og:locale\" content=\"pt_BR\" \/>\n<meta property=\"og:type\" content=\"article\" \/>\n<meta property=\"og:title\" content=\"Os ensinamentos do Sion na trajet\u00f3ria de Tales de Sodr\u00e9 e Macedo: uma forma\u00e7\u00e3o que transcende o tempo - Sion Solitude\" \/>\n<meta property=\"og:description\" content=\"O advogado Tales de Sodr\u00e9 e Macedo, ex-aluno do Sion Batel, relembra com emo\u00e7\u00e3o os valores que moldaram sua vida pessoal e profissional, destacando o sentimento de pertencimento, o acolhimento e a forma\u00e7\u00e3o humana recebidos na escola. \u201cFalar de Sion \u00e9 falar do sentimento de acolhimento mais profundo que uma crian\u00e7a \u2014 jovem na d\u00e9cada [&hellip;]\" \/>\n<meta property=\"og:url\" content=\"https:\/\/sioncuritiba.com.br\/solitude\/blog\/comunidade-sionense\/os-ensinamentos-do-sion-na-trajetoria-de-tales-de-sodre-e-macedo-uma-formacao-que-transcende-o-tempo\/\" \/>\n<meta property=\"og:site_name\" content=\"Sion Solitude\" \/>\n<meta property=\"article:published_time\" content=\"2025-12-04T13:42:50+00:00\" \/>\n<meta property=\"article:modified_time\" content=\"2025-12-04T13:42:51+00:00\" \/>\n<meta property=\"og:image\" content=\"https:\/\/sioncuritiba.com.br\/solitude\/wp-content\/uploads\/sites\/3\/2025\/12\/arte_01-1.png\" \/>\n\t<meta property=\"og:image:width\" content=\"1080\" \/>\n\t<meta property=\"og:image:height\" content=\"1350\" \/>\n\t<meta property=\"og:image:type\" content=\"image\/png\" \/>\n<meta name=\"author\" content=\"vogg\" \/>\n<meta name=\"twitter:card\" content=\"summary_large_image\" \/>\n<meta name=\"twitter:label1\" content=\"Escrito por\" \/>\n\t<meta name=\"twitter:data1\" content=\"vogg\" \/>\n\t<meta name=\"twitter:label2\" content=\"Est. tempo de leitura\" \/>\n\t<meta name=\"twitter:data2\" content=\"3 minutos\" \/>\n<script type=\"application\/ld+json\" class=\"yoast-schema-graph\">{\"@context\":\"https:\/\/schema.org\",\"@graph\":[{\"@type\":\"Article\",\"@id\":\"https:\/\/sioncuritiba.com.br\/solitude\/blog\/comunidade-sionense\/os-ensinamentos-do-sion-na-trajetoria-de-tales-de-sodre-e-macedo-uma-formacao-que-transcende-o-tempo\/#article\",\"isPartOf\":{\"@id\":\"https:\/\/sioncuritiba.com.br\/solitude\/blog\/comunidade-sionense\/os-ensinamentos-do-sion-na-trajetoria-de-tales-de-sodre-e-macedo-uma-formacao-que-transcende-o-tempo\/\"},\"author\":{\"name\":\"vogg\",\"@id\":\"https:\/\/sioncuritiba.com.br\/solitude\/#\/schema\/person\/7024db605a5916ba47629c5755ff6502\"},\"headline\":\"Os ensinamentos do Sion na trajet\u00f3ria de Tales de Sodr\u00e9 e Macedo: uma forma\u00e7\u00e3o que transcende o tempo\",\"datePublished\":\"2025-12-04T13:42:50+00:00\",\"dateModified\":\"2025-12-04T13:42:51+00:00\",\"mainEntityOfPage\":{\"@id\":\"https:\/\/sioncuritiba.com.br\/solitude\/blog\/comunidade-sionense\/os-ensinamentos-do-sion-na-trajetoria-de-tales-de-sodre-e-macedo-uma-formacao-que-transcende-o-tempo\/\"},\"wordCount\":567,\"commentCount\":0,\"image\":{\"@id\":\"https:\/\/sioncuritiba.com.br\/solitude\/blog\/comunidade-sionense\/os-ensinamentos-do-sion-na-trajetoria-de-tales-de-sodre-e-macedo-uma-formacao-que-transcende-o-tempo\/#primaryimage\"},\"thumbnailUrl\":\"https:\/\/sioncuritiba.com.br\/solitude\/wp-content\/uploads\/sites\/3\/2025\/12\/arte_01-1.png\",\"keywords\":[\"Not\u00edcias\"],\"articleSection\":[\"Comunidade Sionense\"],\"inLanguage\":\"pt-BR\",\"potentialAction\":[{\"@type\":\"CommentAction\",\"name\":\"Comment\",\"target\":[\"https:\/\/sioncuritiba.com.br\/solitude\/blog\/comunidade-sionense\/os-ensinamentos-do-sion-na-trajetoria-de-tales-de-sodre-e-macedo-uma-formacao-que-transcende-o-tempo\/#respond\"]}]},{\"@type\":\"WebPage\",\"@id\":\"https:\/\/sioncuritiba.com.br\/solitude\/blog\/comunidade-sionense\/os-ensinamentos-do-sion-na-trajetoria-de-tales-de-sodre-e-macedo-uma-formacao-que-transcende-o-tempo\/\",\"url\":\"https:\/\/sioncuritiba.com.br\/solitude\/blog\/comunidade-sionense\/os-ensinamentos-do-sion-na-trajetoria-de-tales-de-sodre-e-macedo-uma-formacao-que-transcende-o-tempo\/\",\"name\":\"Os ensinamentos do Sion na trajet\u00f3ria de Tales de Sodr\u00e9 e Macedo: uma forma\u00e7\u00e3o que transcende o tempo - Sion Solitude\",\"isPartOf\":{\"@id\":\"https:\/\/sioncuritiba.com.br\/solitude\/#website\"},\"primaryImageOfPage\":{\"@id\":\"https:\/\/sioncuritiba.com.br\/solitude\/blog\/comunidade-sionense\/os-ensinamentos-do-sion-na-trajetoria-de-tales-de-sodre-e-macedo-uma-formacao-que-transcende-o-tempo\/#primaryimage\"},\"image\":{\"@id\":\"https:\/\/sioncuritiba.com.br\/solitude\/blog\/comunidade-sionense\/os-ensinamentos-do-sion-na-trajetoria-de-tales-de-sodre-e-macedo-uma-formacao-que-transcende-o-tempo\/#primaryimage\"},\"thumbnailUrl\":\"https:\/\/sioncuritiba.com.br\/solitude\/wp-content\/uploads\/sites\/3\/2025\/12\/arte_01-1.png\",\"datePublished\":\"2025-12-04T13:42:50+00:00\",\"dateModified\":\"2025-12-04T13:42:51+00:00\",\"author\":{\"@id\":\"https:\/\/sioncuritiba.com.br\/solitude\/#\/schema\/person\/7024db605a5916ba47629c5755ff6502\"},\"breadcrumb\":{\"@id\":\"https:\/\/sioncuritiba.com.br\/solitude\/blog\/comunidade-sionense\/os-ensinamentos-do-sion-na-trajetoria-de-tales-de-sodre-e-macedo-uma-formacao-que-transcende-o-tempo\/#breadcrumb\"},\"inLanguage\":\"pt-BR\",\"potentialAction\":[{\"@type\":\"ReadAction\",\"target\":[\"https:\/\/sioncuritiba.com.br\/solitude\/blog\/comunidade-sionense\/os-ensinamentos-do-sion-na-trajetoria-de-tales-de-sodre-e-macedo-uma-formacao-que-transcende-o-tempo\/\"]}]},{\"@type\":\"ImageObject\",\"inLanguage\":\"pt-BR\",\"@id\":\"https:\/\/sioncuritiba.com.br\/solitude\/blog\/comunidade-sionense\/os-ensinamentos-do-sion-na-trajetoria-de-tales-de-sodre-e-macedo-uma-formacao-que-transcende-o-tempo\/#primaryimage\",\"url\":\"https:\/\/sioncuritiba.com.br\/solitude\/wp-content\/uploads\/sites\/3\/2025\/12\/arte_01-1.png\",\"contentUrl\":\"https:\/\/sioncuritiba.com.br\/solitude\/wp-content\/uploads\/sites\/3\/2025\/12\/arte_01-1.png\",\"width\":1080,\"height\":1350},{\"@type\":\"BreadcrumbList\",\"@id\":\"https:\/\/sioncuritiba.com.br\/solitude\/blog\/comunidade-sionense\/os-ensinamentos-do-sion-na-trajetoria-de-tales-de-sodre-e-macedo-uma-formacao-que-transcende-o-tempo\/#breadcrumb\",\"itemListElement\":[{\"@type\":\"ListItem\",\"position\":1,\"name\":\"In\u00edcio\",\"item\":\"https:\/\/sioncuritiba.com.br\/solitude\/\"},{\"@type\":\"ListItem\",\"position\":2,\"name\":\"Os ensinamentos do Sion na trajet\u00f3ria de Tales de Sodr\u00e9 e Macedo: uma forma\u00e7\u00e3o que transcende o tempo\"}]},{\"@type\":\"WebSite\",\"@id\":\"https:\/\/sioncuritiba.com.br\/solitude\/#website\",\"url\":\"https:\/\/sioncuritiba.com.br\/solitude\/\",\"name\":\"Sion Solitude\",\"description\":\"S\u00f3 mais um site Col\u00e9gio Sion Sites\",\"potentialAction\":[{\"@type\":\"SearchAction\",\"target\":{\"@type\":\"EntryPoint\",\"urlTemplate\":\"https:\/\/sioncuritiba.com.br\/solitude\/?s={search_term_string}\"},\"query-input\":{\"@type\":\"PropertyValueSpecification\",\"valueRequired\":true,\"valueName\":\"search_term_string\"}}],\"inLanguage\":\"pt-BR\"},{\"@type\":\"Person\",\"@id\":\"https:\/\/sioncuritiba.com.br\/solitude\/#\/schema\/person\/7024db605a5916ba47629c5755ff6502\",\"name\":\"vogg\",\"image\":{\"@type\":\"ImageObject\",\"inLanguage\":\"pt-BR\",\"@id\":\"https:\/\/sioncuritiba.com.br\/solitude\/#\/schema\/person\/image\/\",\"url\":\"https:\/\/secure.gravatar.com\/avatar\/181ebb1d8097cb83d8793783c0600e745d5e0d68533687d92817ca6f6e841f9a?s=96&d=mm&r=g\",\"contentUrl\":\"https:\/\/secure.gravatar.com\/avatar\/181ebb1d8097cb83d8793783c0600e745d5e0d68533687d92817ca6f6e841f9a?s=96&d=mm&r=g\",\"caption\":\"vogg\"},\"url\":\"https:\/\/sioncuritiba.com.br\/solitude\/blog\/author\/vogg\/\"}]}<\/script>\n<!-- \/ Yoast SEO plugin. -->","yoast_head_json":{"title":"Os ensinamentos do Sion na trajet\u00f3ria de Tales de Sodr\u00e9 e Macedo: uma forma\u00e7\u00e3o que transcende o tempo - Sion Solitude","robots":{"index":"index","follow":"follow","max-snippet":"max-snippet:-1","max-image-preview":"max-image-preview:large","max-video-preview":"max-video-preview:-1"},"canonical":"https:\/\/sioncuritiba.com.br\/solitude\/blog\/comunidade-sionense\/os-ensinamentos-do-sion-na-trajetoria-de-tales-de-sodre-e-macedo-uma-formacao-que-transcende-o-tempo\/","og_locale":"pt_BR","og_type":"article","og_title":"Os ensinamentos do Sion na trajet\u00f3ria de Tales de Sodr\u00e9 e Macedo: uma forma\u00e7\u00e3o que transcende o tempo - Sion Solitude","og_description":"O advogado Tales de Sodr\u00e9 e Macedo, ex-aluno do Sion Batel, relembra com emo\u00e7\u00e3o os valores que moldaram sua vida pessoal e profissional, destacando o sentimento de pertencimento, o acolhimento e a forma\u00e7\u00e3o humana recebidos na escola. \u201cFalar de Sion \u00e9 falar do sentimento de acolhimento mais profundo que uma crian\u00e7a \u2014 jovem na d\u00e9cada [&hellip;]","og_url":"https:\/\/sioncuritiba.com.br\/solitude\/blog\/comunidade-sionense\/os-ensinamentos-do-sion-na-trajetoria-de-tales-de-sodre-e-macedo-uma-formacao-que-transcende-o-tempo\/","og_site_name":"Sion Solitude","article_published_time":"2025-12-04T13:42:50+00:00","article_modified_time":"2025-12-04T13:42:51+00:00","og_image":[{"width":1080,"height":1350,"url":"https:\/\/sioncuritiba.com.br\/solitude\/wp-content\/uploads\/sites\/3\/2025\/12\/arte_01-1.png","type":"image\/png"}],"author":"vogg","twitter_card":"summary_large_image","twitter_misc":{"Escrito por":"vogg","Est. tempo de leitura":"3 minutos"},"schema":{"@context":"https:\/\/schema.org","@graph":[{"@type":"Article","@id":"https:\/\/sioncuritiba.com.br\/solitude\/blog\/comunidade-sionense\/os-ensinamentos-do-sion-na-trajetoria-de-tales-de-sodre-e-macedo-uma-formacao-que-transcende-o-tempo\/#article","isPartOf":{"@id":"https:\/\/sioncuritiba.com.br\/solitude\/blog\/comunidade-sionense\/os-ensinamentos-do-sion-na-trajetoria-de-tales-de-sodre-e-macedo-uma-formacao-que-transcende-o-tempo\/"},"author":{"name":"vogg","@id":"https:\/\/sioncuritiba.com.br\/solitude\/#\/schema\/person\/7024db605a5916ba47629c5755ff6502"},"headline":"Os ensinamentos do Sion na trajet\u00f3ria de Tales de Sodr\u00e9 e Macedo: uma forma\u00e7\u00e3o que transcende o tempo","datePublished":"2025-12-04T13:42:50+00:00","dateModified":"2025-12-04T13:42:51+00:00","mainEntityOfPage":{"@id":"https:\/\/sioncuritiba.com.br\/solitude\/blog\/comunidade-sionense\/os-ensinamentos-do-sion-na-trajetoria-de-tales-de-sodre-e-macedo-uma-formacao-que-transcende-o-tempo\/"},"wordCount":567,"commentCount":0,"image":{"@id":"https:\/\/sioncuritiba.com.br\/solitude\/blog\/comunidade-sionense\/os-ensinamentos-do-sion-na-trajetoria-de-tales-de-sodre-e-macedo-uma-formacao-que-transcende-o-tempo\/#primaryimage"},"thumbnailUrl":"https:\/\/sioncuritiba.com.br\/solitude\/wp-content\/uploads\/sites\/3\/2025\/12\/arte_01-1.png","keywords":["Not\u00edcias"],"articleSection":["Comunidade Sionense"],"inLanguage":"pt-BR","potentialAction":[{"@type":"CommentAction","name":"Comment","target":["https:\/\/sioncuritiba.com.br\/solitude\/blog\/comunidade-sionense\/os-ensinamentos-do-sion-na-trajetoria-de-tales-de-sodre-e-macedo-uma-formacao-que-transcende-o-tempo\/#respond"]}]},{"@type":"WebPage","@id":"https:\/\/sioncuritiba.com.br\/solitude\/blog\/comunidade-sionense\/os-ensinamentos-do-sion-na-trajetoria-de-tales-de-sodre-e-macedo-uma-formacao-que-transcende-o-tempo\/","url":"https:\/\/sioncuritiba.com.br\/solitude\/blog\/comunidade-sionense\/os-ensinamentos-do-sion-na-trajetoria-de-tales-de-sodre-e-macedo-uma-formacao-que-transcende-o-tempo\/","name":"Os ensinamentos do Sion na trajet\u00f3ria de Tales de Sodr\u00e9 e Macedo: uma forma\u00e7\u00e3o que transcende o tempo - Sion Solitude","isPartOf":{"@id":"https:\/\/sioncuritiba.com.br\/solitude\/#website"},"primaryImageOfPage":{"@id":"https:\/\/sioncuritiba.com.br\/solitude\/blog\/comunidade-sionense\/os-ensinamentos-do-sion-na-trajetoria-de-tales-de-sodre-e-macedo-uma-formacao-que-transcende-o-tempo\/#primaryimage"},"image":{"@id":"https:\/\/sioncuritiba.com.br\/solitude\/blog\/comunidade-sionense\/os-ensinamentos-do-sion-na-trajetoria-de-tales-de-sodre-e-macedo-uma-formacao-que-transcende-o-tempo\/#primaryimage"},"thumbnailUrl":"https:\/\/sioncuritiba.com.br\/solitude\/wp-content\/uploads\/sites\/3\/2025\/12\/arte_01-1.png","datePublished":"2025-12-04T13:42:50+00:00","dateModified":"2025-12-04T13:42:51+00:00","author":{"@id":"https:\/\/sioncuritiba.com.br\/solitude\/#\/schema\/person\/7024db605a5916ba47629c5755ff6502"},"breadcrumb":{"@id":"https:\/\/sioncuritiba.com.br\/solitude\/blog\/comunidade-sionense\/os-ensinamentos-do-sion-na-trajetoria-de-tales-de-sodre-e-macedo-uma-formacao-que-transcende-o-tempo\/#breadcrumb"},"inLanguage":"pt-BR","potentialAction":[{"@type":"ReadAction","target":["https:\/\/sioncuritiba.com.br\/solitude\/blog\/comunidade-sionense\/os-ensinamentos-do-sion-na-trajetoria-de-tales-de-sodre-e-macedo-uma-formacao-que-transcende-o-tempo\/"]}]},{"@type":"ImageObject","inLanguage":"pt-BR","@id":"https:\/\/sioncuritiba.com.br\/solitude\/blog\/comunidade-sionense\/os-ensinamentos-do-sion-na-trajetoria-de-tales-de-sodre-e-macedo-uma-formacao-que-transcende-o-tempo\/#primaryimage","url":"https:\/\/sioncuritiba.com.br\/solitude\/wp-content\/uploads\/sites\/3\/2025\/12\/arte_01-1.png","contentUrl":"https:\/\/sioncuritiba.com.br\/solitude\/wp-content\/uploads\/sites\/3\/2025\/12\/arte_01-1.png","width":1080,"height":1350},{"@type":"BreadcrumbList","@id":"https:\/\/sioncuritiba.com.br\/solitude\/blog\/comunidade-sionense\/os-ensinamentos-do-sion-na-trajetoria-de-tales-de-sodre-e-macedo-uma-formacao-que-transcende-o-tempo\/#breadcrumb","itemListElement":[{"@type":"ListItem","position":1,"name":"In\u00edcio","item":"https:\/\/sioncuritiba.com.br\/solitude\/"},{"@type":"ListItem","position":2,"name":"Os ensinamentos do Sion na trajet\u00f3ria de Tales de Sodr\u00e9 e Macedo: uma forma\u00e7\u00e3o que transcende o tempo"}]},{"@type":"WebSite","@id":"https:\/\/sioncuritiba.com.br\/solitude\/#website","url":"https:\/\/sioncuritiba.com.br\/solitude\/","name":"Sion Solitude","description":"S\u00f3 mais um site Col\u00e9gio Sion Sites","potentialAction":[{"@type":"SearchAction","target":{"@type":"EntryPoint","urlTemplate":"https:\/\/sioncuritiba.com.br\/solitude\/?s={search_term_string}"},"query-input":{"@type":"PropertyValueSpecification","valueRequired":true,"valueName":"search_term_string"}}],"inLanguage":"pt-BR"},{"@type":"Person","@id":"https:\/\/sioncuritiba.com.br\/solitude\/#\/schema\/person\/7024db605a5916ba47629c5755ff6502","name":"vogg","image":{"@type":"ImageObject","inLanguage":"pt-BR","@id":"https:\/\/sioncuritiba.com.br\/solitude\/#\/schema\/person\/image\/","url":"https:\/\/secure.gravatar.com\/avatar\/181ebb1d8097cb83d8793783c0600e745d5e0d68533687d92817ca6f6e841f9a?s=96&d=mm&r=g","contentUrl":"https:\/\/secure.gravatar.com\/avatar\/181ebb1d8097cb83d8793783c0600e745d5e0d68533687d92817ca6f6e841f9a?s=96&d=mm&r=g","caption":"vogg"},"url":"https:\/\/sioncuritiba.com.br\/solitude\/blog\/author\/vogg\/"}]}},"_links":{"self":[{"href":"https:\/\/sioncuritiba.com.br\/solitude\/wp-json\/wp\/v2\/posts\/10067","targetHints":{"allow":["GET"]}}],"collection":[{"href":"https:\/\/sioncuritiba.com.br\/solitude\/wp-json\/wp\/v2\/posts"}],"about":[{"href":"https:\/\/sioncuritiba.com.br\/solitude\/wp-json\/wp\/v2\/types\/post"}],"author":[{"embeddable":true,"href":"https:\/\/sioncuritiba.com.br\/solitude\/wp-json\/wp\/v2\/users\/4"}],"replies":[{"embeddable":true,"href":"https:\/\/sioncuritiba.com.br\/solitude\/wp-json\/wp\/v2\/comments?post=10067"}],"version-history":[{"count":1,"href":"https:\/\/sioncuritiba.com.br\/solitude\/wp-json\/wp\/v2\/posts\/10067\/revisions"}],"predecessor-version":[{"id":10069,"href":"https:\/\/sioncuritiba.com.br\/solitude\/wp-json\/wp\/v2\/posts\/10067\/revisions\/10069"}],"wp:featuredmedia":[{"embeddable":true,"href":"https:\/\/sioncuritiba.com.br\/solitude\/wp-json\/wp\/v2\/media\/10068"}],"wp:attachment":[{"href":"https:\/\/sioncuritiba.com.br\/solitude\/wp-json\/wp\/v2\/media?parent=10067"}],"wp:term":[{"taxonomy":"category","embeddable":true,"href":"https:\/\/sioncuritiba.com.br\/solitude\/wp-json\/wp\/v2\/categories?post=10067"},{"taxonomy":"post_tag","embeddable":true,"href":"https:\/\/sioncuritiba.com.br\/solitude\/wp-json\/wp\/v2\/tags?post=10067"}],"curies":[{"name":"wp","href":"https:\/\/api.w.org\/{rel}","templated":true}]}}