{"id":10078,"date":"2025-12-15T17:02:54","date_gmt":"2025-12-15T20:02:54","guid":{"rendered":"https:\/\/sioncuritiba.com.br\/solitude\/?p=10078"},"modified":"2025-12-15T17:02:54","modified_gmt":"2025-12-15T20:02:54","slug":"pais-de-catarina-encontraram-no-sion-uma-escola-com-principios-e-metodologia-diferenciada","status":"publish","type":"post","link":"https:\/\/sioncuritiba.com.br\/solitude\/blog\/aluno-sion\/pais-de-catarina-encontraram-no-sion-uma-escola-com-principios-e-metodologia-diferenciada\/","title":{"rendered":"Pais de Catarina encontraram no Sion uma escola com princ\u00edpios e metodologia diferenciada"},"content":{"rendered":"\n<p>A decis\u00e3o de mudar a filha Catarina para uma nova institui\u00e7\u00e3o de ensino marcou um momento de reflex\u00e3o profunda para os pais, Marcelo Mano Alves e Ana Cl\u00e1udia Nichele Reginatto. Aos seis anos, a menina encerrava o ciclo em uma escola de pequeno porte, onde estudava desde os primeiros anos, e precisava seguir para uma etapa mais estruturada.<br><br>Foi ent\u00e3o que a fam\u00edlia iniciou uma busca criteriosa por uma escola que n\u00e3o apenas oferecesse ensino de qualidade, mas que estivesse alinhada a valores essenciais para eles, como humaniza\u00e7\u00e3o, m\u00e9todo, acolhimento e respeito ao ritmo da crian\u00e7a.<\/p>\n\n\n\n<p>\u201cN\u00e3o foi uma tarefa f\u00e1cil, pois nossas exig\u00eancias eram bem espec\u00edficas. N\u00e3o quer\u00edamos que a nossa filha fosse mais um \u2018n\u00famero\u2019 a ser contado, procur\u00e1vamos uma escola com princ\u00edpios e uma metodologia diferenciada\u201d, relatam os pais. Depois de algumas visitas que n\u00e3o atenderam \u00e0s expectativas, o encontro com o Sion Batel mudou completamente o rumo da procura.<\/p>\n\n\n\n<h3 class=\"wp-block-heading\"><strong>A escolha pelo Sion: acolhimento que gera seguran\u00e7a<\/strong><\/h3>\n\n\n\n<p>Ao chegarem ao Col\u00e9gio Sion Batel, os pais descrevem terem sentido uma certeza imediata: era ali que Catarina deveria continuar sua trajet\u00f3ria escolar. \u201cAo visitar o Sion Batel, nosso cora\u00e7\u00e3o se acalmou e sentimos tranquilidade e a certeza de que quer\u00edamos que a nossa filha estudasse ali\u201d, afirmam.<\/p>\n\n\n\n<p>A transi\u00e7\u00e3o, que poderia ter sido desafiadora, porque Catarina saiu de um ambiente com apenas 23 alunos no total para uma sala com o mesmo n\u00famero de estudantes, surpreendeu positivamente toda a fam\u00edlia. \u201cPens\u00e1vamos que ela iria estranhar e ficaria com medo, mas o que aconteceu foi que ela foi t\u00e3o bem acolhida, respeitada e amada que essa transi\u00e7\u00e3o se fez naturalmente\u201d, dizem.<\/p>\n\n\n\n<h3 class=\"wp-block-heading\"><strong>Metodologia montessoriana e respeito ao tempo do aluno<\/strong><\/h3>\n\n\n\n<p>O que mais chamou a aten\u00e7\u00e3o dos pais foi a combina\u00e7\u00e3o entre estrutura pedag\u00f3gica s\u00f3lida e sensibilidade no trato di\u00e1rio com as crian\u00e7as. A metodologia montessoriana, que valoriza a autonomia, o protagonismo e o ritmo individual de cada aluno, foi determinante na decis\u00e3o.<\/p>\n\n\n\n<p>\u201cA metodologia montessoriana, o respeito com o tempo de aprendizado de cada aluno e o cuidado e dedica\u00e7\u00e3o de toda a equipe disciplinar foi o que nos chamou a aten\u00e7\u00e3o e o que vem nos conquistando\u201d, destacam. Para eles, o aprendizado de Catarina deixou de ser apenas uma sequ\u00eancia de conte\u00fados e passou a ser uma viv\u00eancia de descoberta e desenvolvimento integral.<\/p>\n\n\n\n<h3 class=\"wp-block-heading\"><strong>Uma comunidade escolar que acolhe fam\u00edlias<\/strong><\/h3>\n\n\n\n<p>Outro ponto decisivo foi a cultura de acolhimento vivenciada diariamente por quem circula pelo col\u00e9gio. Dos profissionais da recep\u00e7\u00e3o aos educadores, passando pelo port\u00e3o e pela coordena\u00e7\u00e3o, os pais relatam sentir um ambiente onde respeito e carinho s\u00e3o parte da rotina institucional. \u201cDesde a recep\u00e7\u00e3o, port\u00e3o, educadoras e coordena\u00e7\u00e3o sentimos o amor e o respeito pelos alunos e fam\u00edlias\u201d, refor\u00e7am.<\/p>\n\n\n\n<p>Essa sensa\u00e7\u00e3o de pertencimento se reflete diretamente no entusiasmo da filha. \u201cAp\u00f3s um ano de Sion, vendo a alegria que ela tem de ir para a escola, temos a certeza de que fizemos a melhor escolha para a nossa filha\u201d, afirmam os pais.<\/p>\n\n\n\n<h3 class=\"wp-block-heading\"><strong>Um ano depois, a certeza da escolha certa<\/strong><\/h3>\n\n\n\n<p>Hoje, com sete anos e cursando o 1\u00ba ano C, Catarina Reginatto Alves vive uma rotina escolar marcada por v\u00ednculos, est\u00edmulos e desenvolvimento equilibrado. A experi\u00eancia da fam\u00edlia evidencia como o alinhamento entre princ\u00edpios pedag\u00f3gicos e acolhimento humano pode transformar a jornada escolar e fortalecer a rela\u00e7\u00e3o das crian\u00e7as com o aprendizado.<\/p>\n\n\n\n<p>Para os pais, a escolha pelo Sion deixou de ser apenas uma decis\u00e3o educacional e se tornou parte de um projeto de vida, com um caminho seguro, afetivo e cheio de possibilidades para o futuro da filha.<\/p>\n","protected":false},"excerpt":{"rendered":"<p>A decis\u00e3o de mudar a filha Catarina para uma nova institui\u00e7\u00e3o de ensino marcou um momento de reflex\u00e3o profunda para os pais, Marcelo Mano Alves e Ana Cl\u00e1udia Nichele Reginatto. Aos seis anos, a menina encerrava o ciclo em uma escola de pequeno porte, onde estudava desde os primeiros anos, e precisava seguir para uma [&hellip;]<\/p>\n","protected":false},"author":4,"featured_media":0,"comment_status":"open","ping_status":"open","sticky":false,"template":"","format":"standard","meta":{"footnotes":""},"categories":[28],"tags":[11],"class_list":["post-10078","post","type-post","status-publish","format-standard","hentry","category-aluno-sion","tag-noticias"],"yoast_head":"<!-- This site is optimized with the Yoast SEO plugin v26.8 - https:\/\/yoast.com\/product\/yoast-seo-wordpress\/ -->\n<title>Pais de Catarina encontraram no Sion uma escola com princ\u00edpios e metodologia diferenciada - Sion Solitude<\/title>\n<meta name=\"robots\" content=\"index, follow, max-snippet:-1, max-image-preview:large, max-video-preview:-1\" \/>\n<link rel=\"canonical\" href=\"https:\/\/sioncuritiba.com.br\/solitude\/blog\/aluno-sion\/pais-de-catarina-encontraram-no-sion-uma-escola-com-principios-e-metodologia-diferenciada\/\" \/>\n<meta property=\"og:locale\" content=\"pt_BR\" \/>\n<meta property=\"og:type\" content=\"article\" \/>\n<meta property=\"og:title\" content=\"Pais de Catarina encontraram no Sion uma escola com princ\u00edpios e metodologia diferenciada - Sion Solitude\" \/>\n<meta property=\"og:description\" content=\"A decis\u00e3o de mudar a filha Catarina para uma nova institui\u00e7\u00e3o de ensino marcou um momento de reflex\u00e3o profunda para os pais, Marcelo Mano Alves e Ana Cl\u00e1udia Nichele Reginatto. Aos seis anos, a menina encerrava o ciclo em uma escola de pequeno porte, onde estudava desde os primeiros anos, e precisava seguir para uma [&hellip;]\" \/>\n<meta property=\"og:url\" content=\"https:\/\/sioncuritiba.com.br\/solitude\/blog\/aluno-sion\/pais-de-catarina-encontraram-no-sion-uma-escola-com-principios-e-metodologia-diferenciada\/\" \/>\n<meta property=\"og:site_name\" content=\"Sion Solitude\" \/>\n<meta property=\"article:published_time\" content=\"2025-12-15T20:02:54+00:00\" \/>\n<meta name=\"author\" content=\"vogg\" \/>\n<meta name=\"twitter:card\" content=\"summary_large_image\" \/>\n<meta name=\"twitter:label1\" content=\"Escrito por\" \/>\n\t<meta name=\"twitter:data1\" content=\"vogg\" \/>\n\t<meta name=\"twitter:label2\" content=\"Est. tempo de leitura\" \/>\n\t<meta name=\"twitter:data2\" content=\"4 minutos\" \/>\n<script type=\"application\/ld+json\" class=\"yoast-schema-graph\">{\"@context\":\"https:\/\/schema.org\",\"@graph\":[{\"@type\":\"Article\",\"@id\":\"https:\/\/sioncuritiba.com.br\/solitude\/blog\/aluno-sion\/pais-de-catarina-encontraram-no-sion-uma-escola-com-principios-e-metodologia-diferenciada\/#article\",\"isPartOf\":{\"@id\":\"https:\/\/sioncuritiba.com.br\/solitude\/blog\/aluno-sion\/pais-de-catarina-encontraram-no-sion-uma-escola-com-principios-e-metodologia-diferenciada\/\"},\"author\":{\"name\":\"vogg\",\"@id\":\"https:\/\/sioncuritiba.com.br\/solitude\/#\/schema\/person\/7024db605a5916ba47629c5755ff6502\"},\"headline\":\"Pais de Catarina encontraram no Sion uma escola com princ\u00edpios e metodologia diferenciada\",\"datePublished\":\"2025-12-15T20:02:54+00:00\",\"mainEntityOfPage\":{\"@id\":\"https:\/\/sioncuritiba.com.br\/solitude\/blog\/aluno-sion\/pais-de-catarina-encontraram-no-sion-uma-escola-com-principios-e-metodologia-diferenciada\/\"},\"wordCount\":668,\"commentCount\":0,\"keywords\":[\"Not\u00edcias\"],\"articleSection\":[\"Aluno Sion\"],\"inLanguage\":\"pt-BR\",\"potentialAction\":[{\"@type\":\"CommentAction\",\"name\":\"Comment\",\"target\":[\"https:\/\/sioncuritiba.com.br\/solitude\/blog\/aluno-sion\/pais-de-catarina-encontraram-no-sion-uma-escola-com-principios-e-metodologia-diferenciada\/#respond\"]}]},{\"@type\":\"WebPage\",\"@id\":\"https:\/\/sioncuritiba.com.br\/solitude\/blog\/aluno-sion\/pais-de-catarina-encontraram-no-sion-uma-escola-com-principios-e-metodologia-diferenciada\/\",\"url\":\"https:\/\/sioncuritiba.com.br\/solitude\/blog\/aluno-sion\/pais-de-catarina-encontraram-no-sion-uma-escola-com-principios-e-metodologia-diferenciada\/\",\"name\":\"Pais de Catarina encontraram no Sion uma escola com princ\u00edpios e metodologia diferenciada - Sion Solitude\",\"isPartOf\":{\"@id\":\"https:\/\/sioncuritiba.com.br\/solitude\/#website\"},\"datePublished\":\"2025-12-15T20:02:54+00:00\",\"author\":{\"@id\":\"https:\/\/sioncuritiba.com.br\/solitude\/#\/schema\/person\/7024db605a5916ba47629c5755ff6502\"},\"breadcrumb\":{\"@id\":\"https:\/\/sioncuritiba.com.br\/solitude\/blog\/aluno-sion\/pais-de-catarina-encontraram-no-sion-uma-escola-com-principios-e-metodologia-diferenciada\/#breadcrumb\"},\"inLanguage\":\"pt-BR\",\"potentialAction\":[{\"@type\":\"ReadAction\",\"target\":[\"https:\/\/sioncuritiba.com.br\/solitude\/blog\/aluno-sion\/pais-de-catarina-encontraram-no-sion-uma-escola-com-principios-e-metodologia-diferenciada\/\"]}]},{\"@type\":\"BreadcrumbList\",\"@id\":\"https:\/\/sioncuritiba.com.br\/solitude\/blog\/aluno-sion\/pais-de-catarina-encontraram-no-sion-uma-escola-com-principios-e-metodologia-diferenciada\/#breadcrumb\",\"itemListElement\":[{\"@type\":\"ListItem\",\"position\":1,\"name\":\"In\u00edcio\",\"item\":\"https:\/\/sioncuritiba.com.br\/solitude\/\"},{\"@type\":\"ListItem\",\"position\":2,\"name\":\"Pais de Catarina encontraram no Sion uma escola com princ\u00edpios e metodologia diferenciada\"}]},{\"@type\":\"WebSite\",\"@id\":\"https:\/\/sioncuritiba.com.br\/solitude\/#website\",\"url\":\"https:\/\/sioncuritiba.com.br\/solitude\/\",\"name\":\"Sion Solitude\",\"description\":\"S\u00f3 mais um site Col\u00e9gio Sion Sites\",\"potentialAction\":[{\"@type\":\"SearchAction\",\"target\":{\"@type\":\"EntryPoint\",\"urlTemplate\":\"https:\/\/sioncuritiba.com.br\/solitude\/?s={search_term_string}\"},\"query-input\":{\"@type\":\"PropertyValueSpecification\",\"valueRequired\":true,\"valueName\":\"search_term_string\"}}],\"inLanguage\":\"pt-BR\"},{\"@type\":\"Person\",\"@id\":\"https:\/\/sioncuritiba.com.br\/solitude\/#\/schema\/person\/7024db605a5916ba47629c5755ff6502\",\"name\":\"vogg\",\"image\":{\"@type\":\"ImageObject\",\"inLanguage\":\"pt-BR\",\"@id\":\"https:\/\/sioncuritiba.com.br\/solitude\/#\/schema\/person\/image\/\",\"url\":\"https:\/\/secure.gravatar.com\/avatar\/181ebb1d8097cb83d8793783c0600e745d5e0d68533687d92817ca6f6e841f9a?s=96&d=mm&r=g\",\"contentUrl\":\"https:\/\/secure.gravatar.com\/avatar\/181ebb1d8097cb83d8793783c0600e745d5e0d68533687d92817ca6f6e841f9a?s=96&d=mm&r=g\",\"caption\":\"vogg\"},\"url\":\"https:\/\/sioncuritiba.com.br\/solitude\/blog\/author\/vogg\/\"}]}<\/script>\n<!-- \/ Yoast SEO plugin. -->","yoast_head_json":{"title":"Pais de Catarina encontraram no Sion uma escola com princ\u00edpios e metodologia diferenciada - Sion Solitude","robots":{"index":"index","follow":"follow","max-snippet":"max-snippet:-1","max-image-preview":"max-image-preview:large","max-video-preview":"max-video-preview:-1"},"canonical":"https:\/\/sioncuritiba.com.br\/solitude\/blog\/aluno-sion\/pais-de-catarina-encontraram-no-sion-uma-escola-com-principios-e-metodologia-diferenciada\/","og_locale":"pt_BR","og_type":"article","og_title":"Pais de Catarina encontraram no Sion uma escola com princ\u00edpios e metodologia diferenciada - Sion Solitude","og_description":"A decis\u00e3o de mudar a filha Catarina para uma nova institui\u00e7\u00e3o de ensino marcou um momento de reflex\u00e3o profunda para os pais, Marcelo Mano Alves e Ana Cl\u00e1udia Nichele Reginatto. Aos seis anos, a menina encerrava o ciclo em uma escola de pequeno porte, onde estudava desde os primeiros anos, e precisava seguir para uma [&hellip;]","og_url":"https:\/\/sioncuritiba.com.br\/solitude\/blog\/aluno-sion\/pais-de-catarina-encontraram-no-sion-uma-escola-com-principios-e-metodologia-diferenciada\/","og_site_name":"Sion Solitude","article_published_time":"2025-12-15T20:02:54+00:00","author":"vogg","twitter_card":"summary_large_image","twitter_misc":{"Escrito por":"vogg","Est. tempo de leitura":"4 minutos"},"schema":{"@context":"https:\/\/schema.org","@graph":[{"@type":"Article","@id":"https:\/\/sioncuritiba.com.br\/solitude\/blog\/aluno-sion\/pais-de-catarina-encontraram-no-sion-uma-escola-com-principios-e-metodologia-diferenciada\/#article","isPartOf":{"@id":"https:\/\/sioncuritiba.com.br\/solitude\/blog\/aluno-sion\/pais-de-catarina-encontraram-no-sion-uma-escola-com-principios-e-metodologia-diferenciada\/"},"author":{"name":"vogg","@id":"https:\/\/sioncuritiba.com.br\/solitude\/#\/schema\/person\/7024db605a5916ba47629c5755ff6502"},"headline":"Pais de Catarina encontraram no Sion uma escola com princ\u00edpios e metodologia diferenciada","datePublished":"2025-12-15T20:02:54+00:00","mainEntityOfPage":{"@id":"https:\/\/sioncuritiba.com.br\/solitude\/blog\/aluno-sion\/pais-de-catarina-encontraram-no-sion-uma-escola-com-principios-e-metodologia-diferenciada\/"},"wordCount":668,"commentCount":0,"keywords":["Not\u00edcias"],"articleSection":["Aluno Sion"],"inLanguage":"pt-BR","potentialAction":[{"@type":"CommentAction","name":"Comment","target":["https:\/\/sioncuritiba.com.br\/solitude\/blog\/aluno-sion\/pais-de-catarina-encontraram-no-sion-uma-escola-com-principios-e-metodologia-diferenciada\/#respond"]}]},{"@type":"WebPage","@id":"https:\/\/sioncuritiba.com.br\/solitude\/blog\/aluno-sion\/pais-de-catarina-encontraram-no-sion-uma-escola-com-principios-e-metodologia-diferenciada\/","url":"https:\/\/sioncuritiba.com.br\/solitude\/blog\/aluno-sion\/pais-de-catarina-encontraram-no-sion-uma-escola-com-principios-e-metodologia-diferenciada\/","name":"Pais de Catarina encontraram no Sion uma escola com princ\u00edpios e metodologia diferenciada - Sion Solitude","isPartOf":{"@id":"https:\/\/sioncuritiba.com.br\/solitude\/#website"},"datePublished":"2025-12-15T20:02:54+00:00","author":{"@id":"https:\/\/sioncuritiba.com.br\/solitude\/#\/schema\/person\/7024db605a5916ba47629c5755ff6502"},"breadcrumb":{"@id":"https:\/\/sioncuritiba.com.br\/solitude\/blog\/aluno-sion\/pais-de-catarina-encontraram-no-sion-uma-escola-com-principios-e-metodologia-diferenciada\/#breadcrumb"},"inLanguage":"pt-BR","potentialAction":[{"@type":"ReadAction","target":["https:\/\/sioncuritiba.com.br\/solitude\/blog\/aluno-sion\/pais-de-catarina-encontraram-no-sion-uma-escola-com-principios-e-metodologia-diferenciada\/"]}]},{"@type":"BreadcrumbList","@id":"https:\/\/sioncuritiba.com.br\/solitude\/blog\/aluno-sion\/pais-de-catarina-encontraram-no-sion-uma-escola-com-principios-e-metodologia-diferenciada\/#breadcrumb","itemListElement":[{"@type":"ListItem","position":1,"name":"In\u00edcio","item":"https:\/\/sioncuritiba.com.br\/solitude\/"},{"@type":"ListItem","position":2,"name":"Pais de Catarina encontraram no Sion uma escola com princ\u00edpios e metodologia diferenciada"}]},{"@type":"WebSite","@id":"https:\/\/sioncuritiba.com.br\/solitude\/#website","url":"https:\/\/sioncuritiba.com.br\/solitude\/","name":"Sion Solitude","description":"S\u00f3 mais um site Col\u00e9gio Sion Sites","potentialAction":[{"@type":"SearchAction","target":{"@type":"EntryPoint","urlTemplate":"https:\/\/sioncuritiba.com.br\/solitude\/?s={search_term_string}"},"query-input":{"@type":"PropertyValueSpecification","valueRequired":true,"valueName":"search_term_string"}}],"inLanguage":"pt-BR"},{"@type":"Person","@id":"https:\/\/sioncuritiba.com.br\/solitude\/#\/schema\/person\/7024db605a5916ba47629c5755ff6502","name":"vogg","image":{"@type":"ImageObject","inLanguage":"pt-BR","@id":"https:\/\/sioncuritiba.com.br\/solitude\/#\/schema\/person\/image\/","url":"https:\/\/secure.gravatar.com\/avatar\/181ebb1d8097cb83d8793783c0600e745d5e0d68533687d92817ca6f6e841f9a?s=96&d=mm&r=g","contentUrl":"https:\/\/secure.gravatar.com\/avatar\/181ebb1d8097cb83d8793783c0600e745d5e0d68533687d92817ca6f6e841f9a?s=96&d=mm&r=g","caption":"vogg"},"url":"https:\/\/sioncuritiba.com.br\/solitude\/blog\/author\/vogg\/"}]}},"_links":{"self":[{"href":"https:\/\/sioncuritiba.com.br\/solitude\/wp-json\/wp\/v2\/posts\/10078","targetHints":{"allow":["GET"]}}],"collection":[{"href":"https:\/\/sioncuritiba.com.br\/solitude\/wp-json\/wp\/v2\/posts"}],"about":[{"href":"https:\/\/sioncuritiba.com.br\/solitude\/wp-json\/wp\/v2\/types\/post"}],"author":[{"embeddable":true,"href":"https:\/\/sioncuritiba.com.br\/solitude\/wp-json\/wp\/v2\/users\/4"}],"replies":[{"embeddable":true,"href":"https:\/\/sioncuritiba.com.br\/solitude\/wp-json\/wp\/v2\/comments?post=10078"}],"version-history":[{"count":1,"href":"https:\/\/sioncuritiba.com.br\/solitude\/wp-json\/wp\/v2\/posts\/10078\/revisions"}],"predecessor-version":[{"id":10079,"href":"https:\/\/sioncuritiba.com.br\/solitude\/wp-json\/wp\/v2\/posts\/10078\/revisions\/10079"}],"wp:attachment":[{"href":"https:\/\/sioncuritiba.com.br\/solitude\/wp-json\/wp\/v2\/media?parent=10078"}],"wp:term":[{"taxonomy":"category","embeddable":true,"href":"https:\/\/sioncuritiba.com.br\/solitude\/wp-json\/wp\/v2\/categories?post=10078"},{"taxonomy":"post_tag","embeddable":true,"href":"https:\/\/sioncuritiba.com.br\/solitude\/wp-json\/wp\/v2\/tags?post=10078"}],"curies":[{"name":"wp","href":"https:\/\/api.w.org\/{rel}","templated":true}]}}