{"id":10080,"date":"2025-12-15T17:38:53","date_gmt":"2025-12-15T20:38:53","guid":{"rendered":"https:\/\/sioncuritiba.com.br\/solitude\/?p=10080"},"modified":"2025-12-15T17:38:54","modified_gmt":"2025-12-15T20:38:54","slug":"terceirao-sion-batel-e-solitude-historias-que-moldam-caminhos-e-emocoes-que-acompanham-para-sempre","status":"publish","type":"post","link":"https:\/\/sioncuritiba.com.br\/solitude\/blog\/ensino-fundamental-2\/terceirao-sion-batel-e-solitude-historias-que-moldam-caminhos-e-emocoes-que-acompanham-para-sempre\/","title":{"rendered":"Terceir\u00e3o Sion Batel e Solitude: hist\u00f3rias que moldam caminhos e emo\u00e7\u00f5es que acompanham para sempre"},"content":{"rendered":"\n<p>O Terceir\u00e3o do Sion n\u00e3o representa apenas a conclus\u00e3o do Ensino M\u00e9dio. Para muitos alunos, simboliza uma fase da vida que se mescla com crescimento, identidade e amadurecimento. Entre lembran\u00e7as, desafios vencidos e amizades que se tornaram fam\u00edlia, cada estudante carrega sua pr\u00f3pria narrativa.<\/p>\n\n\n\n<p>No Sion, Diego Soares, que chegou \u00e0 escola em 2015, descreve uma jornada de autonomia, acolhimento e evolu\u00e7\u00e3o. Seu relato sintetiza a for\u00e7a formativa do col\u00e9gio.<\/p>\n\n\n\n<p><strong>\u201cCheguei em 2015 no Sion, no segundo ano. No in\u00edcio, estranhei o novo m\u00e9todo, que continha diversas coisas diferentes, inclusive a op\u00e7\u00e3o de escolher as atividades que queria fazer. Ao longo dos anos, aprendi autonomia e fiz muitos amigos. A escola ensinou respeito \u00e0s diferen\u00e7as, a fraternidade, o acolhimento e o compromisso. Agora, a conclus\u00e3o do ciclo est\u00e1 pr\u00f3xima e s\u00e3o tantas boas lembran\u00e7as! A formatura aconteceu e a Universidade est\u00e1 chegando. Com tudo que aprendi no col\u00e9gio, estou pronto para o futuro. Obrigado Sion! :D\u201d<\/strong><\/p>\n\n\n\n<p>Ao lado de Diego, outros alunos do Batel tamb\u00e9m expressam o quanto a escola marcou suas vidas. Milena Martinez refor\u00e7a a sensa\u00e7\u00e3o de pertencimento constru\u00edda ao longo dos anos.<\/p>\n\n\n\n<p><strong>\u201cMinha jornada no col\u00e9gio Sion foi marcada por momentos de acolhimento e aprendizado. A adapta\u00e7\u00e3o, que poderia ter sido algo dif\u00edcil, tornou-se leve gra\u00e7as ao acolhimento que recebi desde o primeiro dia. As manh\u00e3s come\u00e7avam com conversas e risadas e as aulas n\u00e3o eram apenas momentos de aprendizados, mas experi\u00eancias de di\u00e1logos e incentivos (&#8230;). Assim, a jornada se tornou um caminho de crescimento, em que cada gesto de cuidado e cada incentivo ajudaram a construir lembran\u00e7as que levarei comigo por toda a vida.\u201d<\/strong><\/p>\n\n\n\n<p>J\u00e1 Caroline Maoski Felice traduz em palavras a gratid\u00e3o de ter crescido e amadurecido dentro do Sion:<\/p>\n\n\n\n<p><strong>\u201cEsse ano se encerra um ciclo, uma jornada de 12 anos que n\u00e3o s\u00f3 me mudou como aluna, mas tamb\u00e9m como pessoa. O Sion \u00e9 mais que um col\u00e9gio, \u00e9 uma fam\u00edlia (&#8230;). Sou muito grata por tudo o que aprendi durante os meus anos estudando nessa escola (&#8230;). E como sempre ouvimos dos ex-alunos: \u2018uma vez sionense, sempre sionense!\u2019\u201d<\/strong><\/p>\n\n\n\n<h2 class=\"wp-block-heading\"><strong>V\u00ednculos que atravessam o tempo<\/strong><\/h2>\n\n\n\n<p>O sentimento de fam\u00edlia tamb\u00e9m \u00e9 evidente no depoimento de Valentina Poitevin de Sousa, que cresceu dentro do Sion.<\/p>\n\n\n\n<p><strong>\u201cO Sion foi minha segunda casa desde sempre (&#8230;). Encerrar esse ciclo agora \u00e9 um processo dolorido, mas tamb\u00e9m gratificante. Foi um ano decisivo em muitos sentidos, e o Sion foi, em todos os momentos, onde encontrei amor, zelo, motiva\u00e7\u00e3o e compreens\u00e3o.\u201d<\/strong><\/p>\n\n\n\n<p>Ant\u00f4nio Ramos Borsoi sintetiza sua viv\u00eancia:<\/p>\n\n\n\n<p><strong>\u201cAqui aprendi muito al\u00e9m do conte\u00fado de sala de aula, aprendi sobre as rela\u00e7\u00f5es sociais e o respeito m\u00fatuo. Levo o orgulho de dizer que estudei nesse col\u00e9gio maravilhoso que me deixou tantos aprendizados, experi\u00eancias e amizades que ir\u00e3o permanecer para o resto da vida.\u201d<\/strong><\/p>\n\n\n\n<h2 class=\"wp-block-heading\"><strong>Solitude: uma hist\u00f3ria de ra\u00edzes, afeto e crescimento<\/strong><\/h2>\n\n\n\n<p>No Sion, os alunos que cresceram junto \u00e0 escola tamb\u00e9m compartilham suas mem\u00f3rias, algumas constru\u00eddas desde o Maternal.<\/p>\n\n\n\n<p>Isabelle Zem narra um v\u00ednculo profundo e duradouro:<\/p>\n\n\n\n<p><strong>\u201cEstudo no Sion h\u00e1 mais de 10 anos e, depois de todo esse tempo, o col\u00e9gio virou uma segunda casa (&#8230;). Agora, com essa etapa se encerrando, s\u00f3 tenho a agradecer por cada ensinamento e aprendizado que recebi e por todos os momentos e mem\u00f3rias especiais que vivi.\u201d<\/strong><\/p>\n\n\n\n<p>Para L\u00edvia de Castro Metri, revisitar a pr\u00f3pria jornada refor\u00e7a o quanto o col\u00e9gio a preparou para a vida:<\/p>\n\n\n\n<p><strong>\u201cEstudar no Sion desde pequena fez com que a escola fosse a minha segunda casa (&#8230;). Ao longo desses anos aprendi muito, n\u00e3o s\u00f3 conte\u00fado mas tamb\u00e9m conhecimentos para a vida toda (&#8230;). Sou muito grata pelo col\u00e9gio ter me preparado para essa nova etapa e por me ensinar tantas coisas pra vida toda!\u201d<\/strong><\/p>\n\n\n\n<p>Cassiano de Mattos Mizerkowski destaca a import\u00e2ncia das experi\u00eancias coletivas:<\/p>\n\n\n\n<p><strong>\u201cDurante esses 15 anos que estou participando da hist\u00f3ria dessa prestigiada escola, percebi que muitos momentos marcantes da minha vida foram no Sion Solitude (&#8230;). Depois de tantas lembran\u00e7as boas nessa escola, posso afirmar que estar completando o ensino m\u00e9dio no Sion \u00e9 uma recorda\u00e7\u00e3o que me acompanhar\u00e1 para sempre.\u201d<\/strong><\/p>\n\n\n\n<h2 class=\"wp-block-heading\"><strong>Um ciclo que termina, uma vida inteira que come\u00e7a<\/strong><\/h2>\n\n\n\n<p>Cada trajet\u00f3ria revela algo em comum: o Sion \u00e9 mais que um col\u00e9gio. \u00c9 um ambiente de acolhimento, desenvolvimento e constru\u00e7\u00e3o de la\u00e7os para a vida inteira.<\/p>\n\n\n\n<p>Os alunos agora partem para novas jornadas, que envolvem universidade, sonhos e projetos pessoais, levando consigo valores, mem\u00f3rias e v\u00ednculos que permanecer\u00e3o em todas as suas conquistas futuras.<\/p>\n","protected":false},"excerpt":{"rendered":"<p>O Terceir\u00e3o do Sion n\u00e3o representa apenas a conclus\u00e3o do Ensino M\u00e9dio. Para muitos alunos, simboliza uma fase da vida que se mescla com crescimento, identidade e amadurecimento. Entre lembran\u00e7as, desafios vencidos e amizades que se tornaram fam\u00edlia, cada estudante carrega sua pr\u00f3pria narrativa. No Sion, Diego Soares, que chegou \u00e0 escola em 2015, descreve [&hellip;]<\/p>\n","protected":false},"author":4,"featured_media":10081,"comment_status":"open","ping_status":"open","sticky":false,"template":"","format":"standard","meta":{"footnotes":""},"categories":[5],"tags":[11],"class_list":["post-10080","post","type-post","status-publish","format-standard","has-post-thumbnail","hentry","category-ensino-fundamental-2","tag-noticias"],"yoast_head":"<!-- This site is optimized with the Yoast SEO plugin v26.8 - https:\/\/yoast.com\/product\/yoast-seo-wordpress\/ -->\n<title>Terceir\u00e3o Sion Batel e Solitude: hist\u00f3rias que moldam caminhos e emo\u00e7\u00f5es que acompanham para sempre - Sion Solitude<\/title>\n<meta name=\"robots\" content=\"index, follow, max-snippet:-1, max-image-preview:large, max-video-preview:-1\" \/>\n<link rel=\"canonical\" href=\"https:\/\/sioncuritiba.com.br\/solitude\/blog\/ensino-fundamental-2\/terceirao-sion-batel-e-solitude-historias-que-moldam-caminhos-e-emocoes-que-acompanham-para-sempre\/\" \/>\n<meta property=\"og:locale\" content=\"pt_BR\" \/>\n<meta property=\"og:type\" content=\"article\" \/>\n<meta property=\"og:title\" content=\"Terceir\u00e3o Sion Batel e Solitude: hist\u00f3rias que moldam caminhos e emo\u00e7\u00f5es que acompanham para sempre - Sion Solitude\" \/>\n<meta property=\"og:description\" content=\"O Terceir\u00e3o do Sion n\u00e3o representa apenas a conclus\u00e3o do Ensino M\u00e9dio. Para muitos alunos, simboliza uma fase da vida que se mescla com crescimento, identidade e amadurecimento. Entre lembran\u00e7as, desafios vencidos e amizades que se tornaram fam\u00edlia, cada estudante carrega sua pr\u00f3pria narrativa. No Sion, Diego Soares, que chegou \u00e0 escola em 2015, descreve [&hellip;]\" \/>\n<meta property=\"og:url\" content=\"https:\/\/sioncuritiba.com.br\/solitude\/blog\/ensino-fundamental-2\/terceirao-sion-batel-e-solitude-historias-que-moldam-caminhos-e-emocoes-que-acompanham-para-sempre\/\" \/>\n<meta property=\"og:site_name\" content=\"Sion Solitude\" \/>\n<meta property=\"article:published_time\" content=\"2025-12-15T20:38:53+00:00\" \/>\n<meta property=\"article:modified_time\" content=\"2025-12-15T20:38:54+00:00\" \/>\n<meta property=\"og:image\" content=\"https:\/\/sioncuritiba.com.br\/solitude\/wp-content\/uploads\/sites\/3\/2025\/12\/arte_01-1-1.png\" \/>\n\t<meta property=\"og:image:width\" content=\"1080\" \/>\n\t<meta property=\"og:image:height\" content=\"1350\" \/>\n\t<meta property=\"og:image:type\" content=\"image\/png\" \/>\n<meta name=\"author\" content=\"vogg\" \/>\n<meta name=\"twitter:card\" content=\"summary_large_image\" \/>\n<meta name=\"twitter:label1\" content=\"Escrito por\" \/>\n\t<meta name=\"twitter:data1\" content=\"vogg\" \/>\n\t<meta name=\"twitter:label2\" content=\"Est. tempo de leitura\" \/>\n\t<meta name=\"twitter:data2\" content=\"5 minutos\" \/>\n<script type=\"application\/ld+json\" class=\"yoast-schema-graph\">{\"@context\":\"https:\/\/schema.org\",\"@graph\":[{\"@type\":\"Article\",\"@id\":\"https:\/\/sioncuritiba.com.br\/solitude\/blog\/ensino-fundamental-2\/terceirao-sion-batel-e-solitude-historias-que-moldam-caminhos-e-emocoes-que-acompanham-para-sempre\/#article\",\"isPartOf\":{\"@id\":\"https:\/\/sioncuritiba.com.br\/solitude\/blog\/ensino-fundamental-2\/terceirao-sion-batel-e-solitude-historias-que-moldam-caminhos-e-emocoes-que-acompanham-para-sempre\/\"},\"author\":{\"name\":\"vogg\",\"@id\":\"https:\/\/sioncuritiba.com.br\/solitude\/#\/schema\/person\/7024db605a5916ba47629c5755ff6502\"},\"headline\":\"Terceir\u00e3o Sion Batel e Solitude: hist\u00f3rias que moldam caminhos e emo\u00e7\u00f5es que acompanham para sempre\",\"datePublished\":\"2025-12-15T20:38:53+00:00\",\"dateModified\":\"2025-12-15T20:38:54+00:00\",\"mainEntityOfPage\":{\"@id\":\"https:\/\/sioncuritiba.com.br\/solitude\/blog\/ensino-fundamental-2\/terceirao-sion-batel-e-solitude-historias-que-moldam-caminhos-e-emocoes-que-acompanham-para-sempre\/\"},\"wordCount\":821,\"commentCount\":0,\"image\":{\"@id\":\"https:\/\/sioncuritiba.com.br\/solitude\/blog\/ensino-fundamental-2\/terceirao-sion-batel-e-solitude-historias-que-moldam-caminhos-e-emocoes-que-acompanham-para-sempre\/#primaryimage\"},\"thumbnailUrl\":\"https:\/\/sioncuritiba.com.br\/solitude\/wp-content\/uploads\/sites\/3\/2025\/12\/arte_01-1-1.png\",\"keywords\":[\"Not\u00edcias\"],\"articleSection\":[\"Ensino Fundamental Anos Finais\"],\"inLanguage\":\"pt-BR\",\"potentialAction\":[{\"@type\":\"CommentAction\",\"name\":\"Comment\",\"target\":[\"https:\/\/sioncuritiba.com.br\/solitude\/blog\/ensino-fundamental-2\/terceirao-sion-batel-e-solitude-historias-que-moldam-caminhos-e-emocoes-que-acompanham-para-sempre\/#respond\"]}]},{\"@type\":\"WebPage\",\"@id\":\"https:\/\/sioncuritiba.com.br\/solitude\/blog\/ensino-fundamental-2\/terceirao-sion-batel-e-solitude-historias-que-moldam-caminhos-e-emocoes-que-acompanham-para-sempre\/\",\"url\":\"https:\/\/sioncuritiba.com.br\/solitude\/blog\/ensino-fundamental-2\/terceirao-sion-batel-e-solitude-historias-que-moldam-caminhos-e-emocoes-que-acompanham-para-sempre\/\",\"name\":\"Terceir\u00e3o Sion Batel e Solitude: hist\u00f3rias que moldam caminhos e emo\u00e7\u00f5es que acompanham para sempre - Sion Solitude\",\"isPartOf\":{\"@id\":\"https:\/\/sioncuritiba.com.br\/solitude\/#website\"},\"primaryImageOfPage\":{\"@id\":\"https:\/\/sioncuritiba.com.br\/solitude\/blog\/ensino-fundamental-2\/terceirao-sion-batel-e-solitude-historias-que-moldam-caminhos-e-emocoes-que-acompanham-para-sempre\/#primaryimage\"},\"image\":{\"@id\":\"https:\/\/sioncuritiba.com.br\/solitude\/blog\/ensino-fundamental-2\/terceirao-sion-batel-e-solitude-historias-que-moldam-caminhos-e-emocoes-que-acompanham-para-sempre\/#primaryimage\"},\"thumbnailUrl\":\"https:\/\/sioncuritiba.com.br\/solitude\/wp-content\/uploads\/sites\/3\/2025\/12\/arte_01-1-1.png\",\"datePublished\":\"2025-12-15T20:38:53+00:00\",\"dateModified\":\"2025-12-15T20:38:54+00:00\",\"author\":{\"@id\":\"https:\/\/sioncuritiba.com.br\/solitude\/#\/schema\/person\/7024db605a5916ba47629c5755ff6502\"},\"breadcrumb\":{\"@id\":\"https:\/\/sioncuritiba.com.br\/solitude\/blog\/ensino-fundamental-2\/terceirao-sion-batel-e-solitude-historias-que-moldam-caminhos-e-emocoes-que-acompanham-para-sempre\/#breadcrumb\"},\"inLanguage\":\"pt-BR\",\"potentialAction\":[{\"@type\":\"ReadAction\",\"target\":[\"https:\/\/sioncuritiba.com.br\/solitude\/blog\/ensino-fundamental-2\/terceirao-sion-batel-e-solitude-historias-que-moldam-caminhos-e-emocoes-que-acompanham-para-sempre\/\"]}]},{\"@type\":\"ImageObject\",\"inLanguage\":\"pt-BR\",\"@id\":\"https:\/\/sioncuritiba.com.br\/solitude\/blog\/ensino-fundamental-2\/terceirao-sion-batel-e-solitude-historias-que-moldam-caminhos-e-emocoes-que-acompanham-para-sempre\/#primaryimage\",\"url\":\"https:\/\/sioncuritiba.com.br\/solitude\/wp-content\/uploads\/sites\/3\/2025\/12\/arte_01-1-1.png\",\"contentUrl\":\"https:\/\/sioncuritiba.com.br\/solitude\/wp-content\/uploads\/sites\/3\/2025\/12\/arte_01-1-1.png\",\"width\":1080,\"height\":1350},{\"@type\":\"BreadcrumbList\",\"@id\":\"https:\/\/sioncuritiba.com.br\/solitude\/blog\/ensino-fundamental-2\/terceirao-sion-batel-e-solitude-historias-que-moldam-caminhos-e-emocoes-que-acompanham-para-sempre\/#breadcrumb\",\"itemListElement\":[{\"@type\":\"ListItem\",\"position\":1,\"name\":\"In\u00edcio\",\"item\":\"https:\/\/sioncuritiba.com.br\/solitude\/\"},{\"@type\":\"ListItem\",\"position\":2,\"name\":\"Terceir\u00e3o Sion Batel e Solitude: hist\u00f3rias que moldam caminhos e emo\u00e7\u00f5es que acompanham para sempre\"}]},{\"@type\":\"WebSite\",\"@id\":\"https:\/\/sioncuritiba.com.br\/solitude\/#website\",\"url\":\"https:\/\/sioncuritiba.com.br\/solitude\/\",\"name\":\"Sion Solitude\",\"description\":\"S\u00f3 mais um site Col\u00e9gio Sion Sites\",\"potentialAction\":[{\"@type\":\"SearchAction\",\"target\":{\"@type\":\"EntryPoint\",\"urlTemplate\":\"https:\/\/sioncuritiba.com.br\/solitude\/?s={search_term_string}\"},\"query-input\":{\"@type\":\"PropertyValueSpecification\",\"valueRequired\":true,\"valueName\":\"search_term_string\"}}],\"inLanguage\":\"pt-BR\"},{\"@type\":\"Person\",\"@id\":\"https:\/\/sioncuritiba.com.br\/solitude\/#\/schema\/person\/7024db605a5916ba47629c5755ff6502\",\"name\":\"vogg\",\"image\":{\"@type\":\"ImageObject\",\"inLanguage\":\"pt-BR\",\"@id\":\"https:\/\/sioncuritiba.com.br\/solitude\/#\/schema\/person\/image\/\",\"url\":\"https:\/\/secure.gravatar.com\/avatar\/181ebb1d8097cb83d8793783c0600e745d5e0d68533687d92817ca6f6e841f9a?s=96&d=mm&r=g\",\"contentUrl\":\"https:\/\/secure.gravatar.com\/avatar\/181ebb1d8097cb83d8793783c0600e745d5e0d68533687d92817ca6f6e841f9a?s=96&d=mm&r=g\",\"caption\":\"vogg\"},\"url\":\"https:\/\/sioncuritiba.com.br\/solitude\/blog\/author\/vogg\/\"}]}<\/script>\n<!-- \/ Yoast SEO plugin. -->","yoast_head_json":{"title":"Terceir\u00e3o Sion Batel e Solitude: hist\u00f3rias que moldam caminhos e emo\u00e7\u00f5es que acompanham para sempre - Sion Solitude","robots":{"index":"index","follow":"follow","max-snippet":"max-snippet:-1","max-image-preview":"max-image-preview:large","max-video-preview":"max-video-preview:-1"},"canonical":"https:\/\/sioncuritiba.com.br\/solitude\/blog\/ensino-fundamental-2\/terceirao-sion-batel-e-solitude-historias-que-moldam-caminhos-e-emocoes-que-acompanham-para-sempre\/","og_locale":"pt_BR","og_type":"article","og_title":"Terceir\u00e3o Sion Batel e Solitude: hist\u00f3rias que moldam caminhos e emo\u00e7\u00f5es que acompanham para sempre - Sion Solitude","og_description":"O Terceir\u00e3o do Sion n\u00e3o representa apenas a conclus\u00e3o do Ensino M\u00e9dio. Para muitos alunos, simboliza uma fase da vida que se mescla com crescimento, identidade e amadurecimento. Entre lembran\u00e7as, desafios vencidos e amizades que se tornaram fam\u00edlia, cada estudante carrega sua pr\u00f3pria narrativa. No Sion, Diego Soares, que chegou \u00e0 escola em 2015, descreve [&hellip;]","og_url":"https:\/\/sioncuritiba.com.br\/solitude\/blog\/ensino-fundamental-2\/terceirao-sion-batel-e-solitude-historias-que-moldam-caminhos-e-emocoes-que-acompanham-para-sempre\/","og_site_name":"Sion Solitude","article_published_time":"2025-12-15T20:38:53+00:00","article_modified_time":"2025-12-15T20:38:54+00:00","og_image":[{"width":1080,"height":1350,"url":"https:\/\/sioncuritiba.com.br\/solitude\/wp-content\/uploads\/sites\/3\/2025\/12\/arte_01-1-1.png","type":"image\/png"}],"author":"vogg","twitter_card":"summary_large_image","twitter_misc":{"Escrito por":"vogg","Est. tempo de leitura":"5 minutos"},"schema":{"@context":"https:\/\/schema.org","@graph":[{"@type":"Article","@id":"https:\/\/sioncuritiba.com.br\/solitude\/blog\/ensino-fundamental-2\/terceirao-sion-batel-e-solitude-historias-que-moldam-caminhos-e-emocoes-que-acompanham-para-sempre\/#article","isPartOf":{"@id":"https:\/\/sioncuritiba.com.br\/solitude\/blog\/ensino-fundamental-2\/terceirao-sion-batel-e-solitude-historias-que-moldam-caminhos-e-emocoes-que-acompanham-para-sempre\/"},"author":{"name":"vogg","@id":"https:\/\/sioncuritiba.com.br\/solitude\/#\/schema\/person\/7024db605a5916ba47629c5755ff6502"},"headline":"Terceir\u00e3o Sion Batel e Solitude: hist\u00f3rias que moldam caminhos e emo\u00e7\u00f5es que acompanham para sempre","datePublished":"2025-12-15T20:38:53+00:00","dateModified":"2025-12-15T20:38:54+00:00","mainEntityOfPage":{"@id":"https:\/\/sioncuritiba.com.br\/solitude\/blog\/ensino-fundamental-2\/terceirao-sion-batel-e-solitude-historias-que-moldam-caminhos-e-emocoes-que-acompanham-para-sempre\/"},"wordCount":821,"commentCount":0,"image":{"@id":"https:\/\/sioncuritiba.com.br\/solitude\/blog\/ensino-fundamental-2\/terceirao-sion-batel-e-solitude-historias-que-moldam-caminhos-e-emocoes-que-acompanham-para-sempre\/#primaryimage"},"thumbnailUrl":"https:\/\/sioncuritiba.com.br\/solitude\/wp-content\/uploads\/sites\/3\/2025\/12\/arte_01-1-1.png","keywords":["Not\u00edcias"],"articleSection":["Ensino Fundamental Anos Finais"],"inLanguage":"pt-BR","potentialAction":[{"@type":"CommentAction","name":"Comment","target":["https:\/\/sioncuritiba.com.br\/solitude\/blog\/ensino-fundamental-2\/terceirao-sion-batel-e-solitude-historias-que-moldam-caminhos-e-emocoes-que-acompanham-para-sempre\/#respond"]}]},{"@type":"WebPage","@id":"https:\/\/sioncuritiba.com.br\/solitude\/blog\/ensino-fundamental-2\/terceirao-sion-batel-e-solitude-historias-que-moldam-caminhos-e-emocoes-que-acompanham-para-sempre\/","url":"https:\/\/sioncuritiba.com.br\/solitude\/blog\/ensino-fundamental-2\/terceirao-sion-batel-e-solitude-historias-que-moldam-caminhos-e-emocoes-que-acompanham-para-sempre\/","name":"Terceir\u00e3o Sion Batel e Solitude: hist\u00f3rias que moldam caminhos e emo\u00e7\u00f5es que acompanham para sempre - Sion Solitude","isPartOf":{"@id":"https:\/\/sioncuritiba.com.br\/solitude\/#website"},"primaryImageOfPage":{"@id":"https:\/\/sioncuritiba.com.br\/solitude\/blog\/ensino-fundamental-2\/terceirao-sion-batel-e-solitude-historias-que-moldam-caminhos-e-emocoes-que-acompanham-para-sempre\/#primaryimage"},"image":{"@id":"https:\/\/sioncuritiba.com.br\/solitude\/blog\/ensino-fundamental-2\/terceirao-sion-batel-e-solitude-historias-que-moldam-caminhos-e-emocoes-que-acompanham-para-sempre\/#primaryimage"},"thumbnailUrl":"https:\/\/sioncuritiba.com.br\/solitude\/wp-content\/uploads\/sites\/3\/2025\/12\/arte_01-1-1.png","datePublished":"2025-12-15T20:38:53+00:00","dateModified":"2025-12-15T20:38:54+00:00","author":{"@id":"https:\/\/sioncuritiba.com.br\/solitude\/#\/schema\/person\/7024db605a5916ba47629c5755ff6502"},"breadcrumb":{"@id":"https:\/\/sioncuritiba.com.br\/solitude\/blog\/ensino-fundamental-2\/terceirao-sion-batel-e-solitude-historias-que-moldam-caminhos-e-emocoes-que-acompanham-para-sempre\/#breadcrumb"},"inLanguage":"pt-BR","potentialAction":[{"@type":"ReadAction","target":["https:\/\/sioncuritiba.com.br\/solitude\/blog\/ensino-fundamental-2\/terceirao-sion-batel-e-solitude-historias-que-moldam-caminhos-e-emocoes-que-acompanham-para-sempre\/"]}]},{"@type":"ImageObject","inLanguage":"pt-BR","@id":"https:\/\/sioncuritiba.com.br\/solitude\/blog\/ensino-fundamental-2\/terceirao-sion-batel-e-solitude-historias-que-moldam-caminhos-e-emocoes-que-acompanham-para-sempre\/#primaryimage","url":"https:\/\/sioncuritiba.com.br\/solitude\/wp-content\/uploads\/sites\/3\/2025\/12\/arte_01-1-1.png","contentUrl":"https:\/\/sioncuritiba.com.br\/solitude\/wp-content\/uploads\/sites\/3\/2025\/12\/arte_01-1-1.png","width":1080,"height":1350},{"@type":"BreadcrumbList","@id":"https:\/\/sioncuritiba.com.br\/solitude\/blog\/ensino-fundamental-2\/terceirao-sion-batel-e-solitude-historias-que-moldam-caminhos-e-emocoes-que-acompanham-para-sempre\/#breadcrumb","itemListElement":[{"@type":"ListItem","position":1,"name":"In\u00edcio","item":"https:\/\/sioncuritiba.com.br\/solitude\/"},{"@type":"ListItem","position":2,"name":"Terceir\u00e3o Sion Batel e Solitude: hist\u00f3rias que moldam caminhos e emo\u00e7\u00f5es que acompanham para sempre"}]},{"@type":"WebSite","@id":"https:\/\/sioncuritiba.com.br\/solitude\/#website","url":"https:\/\/sioncuritiba.com.br\/solitude\/","name":"Sion Solitude","description":"S\u00f3 mais um site Col\u00e9gio Sion Sites","potentialAction":[{"@type":"SearchAction","target":{"@type":"EntryPoint","urlTemplate":"https:\/\/sioncuritiba.com.br\/solitude\/?s={search_term_string}"},"query-input":{"@type":"PropertyValueSpecification","valueRequired":true,"valueName":"search_term_string"}}],"inLanguage":"pt-BR"},{"@type":"Person","@id":"https:\/\/sioncuritiba.com.br\/solitude\/#\/schema\/person\/7024db605a5916ba47629c5755ff6502","name":"vogg","image":{"@type":"ImageObject","inLanguage":"pt-BR","@id":"https:\/\/sioncuritiba.com.br\/solitude\/#\/schema\/person\/image\/","url":"https:\/\/secure.gravatar.com\/avatar\/181ebb1d8097cb83d8793783c0600e745d5e0d68533687d92817ca6f6e841f9a?s=96&d=mm&r=g","contentUrl":"https:\/\/secure.gravatar.com\/avatar\/181ebb1d8097cb83d8793783c0600e745d5e0d68533687d92817ca6f6e841f9a?s=96&d=mm&r=g","caption":"vogg"},"url":"https:\/\/sioncuritiba.com.br\/solitude\/blog\/author\/vogg\/"}]}},"_links":{"self":[{"href":"https:\/\/sioncuritiba.com.br\/solitude\/wp-json\/wp\/v2\/posts\/10080","targetHints":{"allow":["GET"]}}],"collection":[{"href":"https:\/\/sioncuritiba.com.br\/solitude\/wp-json\/wp\/v2\/posts"}],"about":[{"href":"https:\/\/sioncuritiba.com.br\/solitude\/wp-json\/wp\/v2\/types\/post"}],"author":[{"embeddable":true,"href":"https:\/\/sioncuritiba.com.br\/solitude\/wp-json\/wp\/v2\/users\/4"}],"replies":[{"embeddable":true,"href":"https:\/\/sioncuritiba.com.br\/solitude\/wp-json\/wp\/v2\/comments?post=10080"}],"version-history":[{"count":1,"href":"https:\/\/sioncuritiba.com.br\/solitude\/wp-json\/wp\/v2\/posts\/10080\/revisions"}],"predecessor-version":[{"id":10082,"href":"https:\/\/sioncuritiba.com.br\/solitude\/wp-json\/wp\/v2\/posts\/10080\/revisions\/10082"}],"wp:featuredmedia":[{"embeddable":true,"href":"https:\/\/sioncuritiba.com.br\/solitude\/wp-json\/wp\/v2\/media\/10081"}],"wp:attachment":[{"href":"https:\/\/sioncuritiba.com.br\/solitude\/wp-json\/wp\/v2\/media?parent=10080"}],"wp:term":[{"taxonomy":"category","embeddable":true,"href":"https:\/\/sioncuritiba.com.br\/solitude\/wp-json\/wp\/v2\/categories?post=10080"},{"taxonomy":"post_tag","embeddable":true,"href":"https:\/\/sioncuritiba.com.br\/solitude\/wp-json\/wp\/v2\/tags?post=10080"}],"curies":[{"name":"wp","href":"https:\/\/api.w.org\/{rel}","templated":true}]}}