{"id":10083,"date":"2025-12-15T17:40:14","date_gmt":"2025-12-15T20:40:14","guid":{"rendered":"https:\/\/sioncuritiba.com.br\/solitude\/?p=10083"},"modified":"2025-12-19T09:51:25","modified_gmt":"2025-12-19T12:51:25","slug":"a-formacao-que-acompanha-para-sempre","status":"publish","type":"post","link":"https:\/\/sioncuritiba.com.br\/solitude\/blog\/aluno-sion\/a-formacao-que-acompanha-para-sempre\/","title":{"rendered":"A forma\u00e7\u00e3o que acompanha para sempre"},"content":{"rendered":"\n<p><strong>Conhe\u00e7a a trajet\u00f3ria de Leonardo Grossklags Locatelli e o impacto do Sion em sua vida pessoal e profissional<\/strong><\/p>\n\n\n\n<p>Mais do que uma escola, o Col\u00e9gio Sion foi, para Leonardo Grossklags Locatelli, um ambiente de cuidado, acolhimento e desenvolvimento humano. Filho do professor Mauricio Rog\u00e9rio Locatelli, que atua no Ensino Religioso e coordenador de Esportes do Sion Batel e escolinhas.<\/p>\n\n\n\n<p>Leonardo cresceu entre os corredores, p\u00e1tios e hist\u00f3rias da institui\u00e7\u00e3o, um v\u00ednculo que come\u00e7ou antes mesmo de seu nascimento. H\u00e1 registros de seu batismo realizado na capela do Sion Solitude, um s\u00edmbolo do quanto o col\u00e9gio sempre esteve presente em sua vida.<\/p>\n\n\n\n<p>Leonardo ingressou no Sion Batel em 1998, ainda no maternal, com apenas tr\u00eas anos. Viveu toda a sua forma\u00e7\u00e3o escolar na institui\u00e7\u00e3o at\u00e9 concluir o Ensino M\u00e9dio em 2012. Depois prestou vestibular e ingressou em Administra\u00e7\u00e3o na UFPR. Mais tarde, ampliou sua forma\u00e7\u00e3o com um MBA em Gest\u00e3o, Empreendedorismo e Novos Neg\u00f3cios pela PUC-RS, uma trajet\u00f3ria que leva consigo marcas profundas do que aprendeu no Sion.<\/p>\n\n\n\n<h2 class=\"wp-block-heading\"><strong>O olhar humano que nasce no cotidiano escolar<\/strong><\/h2>\n\n\n\n<p>Ao revisitar sua hist\u00f3ria, Leonardo reconhece um diferencial que o acompanha diariamente: a capacidade de enxergar o outro com empatia e profundidade. Para ele, essa sensibilidade tem origem na educa\u00e7\u00e3o montessoriana e, especialmente, na uni\u00e3o da proposta de Montessori com a metodologia de Ramain, conduzida pela saudosa Irm\u00e3 Maria Cristina.<\/p>\n\n\n\n<p>\u201cQuando estamos l\u00e1 dentro, nem sempre percebemos. Mas, olhando hoje, entendo que o Sion sempre foi um lugar de cuidado e vis\u00e3o individual de cada aluno\u201d, afirma. Ele lembra da dedica\u00e7\u00e3o do pai \u00e0 escola e do quanto, na inf\u00e2ncia, n\u00e3o compreendia aquela entrega t\u00e3o intensa. Agora, entende: ser Sionense \u00e9 um pertencimento que vai al\u00e9m da sala de aula. \u00c9 um modo de ver e interagir com o mundo.<\/p>\n\n\n\n<p>Esse olhar atento \u00e0s singularidades das pessoas se tornou essencial em sua rotina profissional, especialmente nas \u00e1reas de gest\u00e3o e negocia\u00e7\u00e3o. \u201cMuitas situa\u00e7\u00f5es n\u00e3o s\u00e3o pessoais. Do outro lado sempre existe um ser humano, com uma vida complexa, cheia de anseios. O Sion plantou essa semente em mim\u201d, destaca.<\/p>\n\n\n\n<h2 class=\"wp-block-heading\"><strong>Carreira, aprendizado cont\u00ednuo e heran\u00e7as do Ramain<\/strong><\/h2>\n\n\n\n<p>Com dez anos de experi\u00eancia em vendas e gest\u00e3o comercial, Leonardo atua hoje como Gestor de Marketing e Vendas da empresa de tecnologia Buildbox, em S\u00e3o Paulo. E, mesmo no universo corporativo, enxerga a influ\u00eancia direta das pr\u00e1ticas aprendidas no col\u00e9gio.<\/p>\n\n\n\n<p>Ele cita como exemplo o impacto da metodologia Ramain em sua maneira de aprender. \u201cOuso dizer que uma das minhas maiores habilidades \u00e9 aprender. Pego algo que desconhe\u00e7o completamente, estudo, tento, mesmo sabendo que no come\u00e7o n\u00e3o vai ficar bom, e repito at\u00e9 alcan\u00e7ar o resultado esperado\u201d.<\/p>\n\n\n\n<p>Embora ele brinque chamando isso de \u201chiperfoco\u201d, reconhece que o Ramain ensinou que a frustra\u00e7\u00e3o inicial faz parte do processo de evolu\u00e7\u00e3o. Al\u00e9m disso, destaca a import\u00e2ncia, tamb\u00e9m aprendida no Sion, de cultivar ambientes organizados, tanto no espa\u00e7o f\u00edsico quanto na administra\u00e7\u00e3o de tarefas e prioridades.<\/p>\n\n\n\n<h2 class=\"wp-block-heading\"><strong>Sion na vida: ra\u00edzes que seguem florescendo<\/strong><\/h2>\n\n\n\n<p>Do aluno curioso \u00e0s atribui\u00e7\u00f5es de gestor em uma empresa de tecnologia, Leonardo reconhece que o Sion foi decisivo para sua forma\u00e7\u00e3o. Os valores que vivenciou, o modo como foi acolhido e educado e a vis\u00e3o humana constru\u00edda ao longo dos anos continuam presentes em sua trajet\u00f3ria.<\/p>\n\n\n\n<p>Hoje, ao olhar para tr\u00e1s, ele identifica com clareza o que, na inf\u00e2ncia, talvez passasse despercebido: o Sion n\u00e3o apenas ensinou, mas transformou. E essa transforma\u00e7\u00e3o segue pulsando em sua vida adulta, nas decis\u00f5es que toma, na forma como se relaciona e em sua postura profissional.Assim como tantos outros alunos, Leonardo leva o Sion no cora\u00e7\u00e3o e no jeito de caminhar pelo mundo. \u00c9 isso que torna o <strong>Sion <\/strong>t\u00e3o especial: revelar como uma escola pode deixar marcas duradouras na hist\u00f3ria de quem viveu sua miss\u00e3o.<\/p>\n","protected":false},"excerpt":{"rendered":"<p>Conhe\u00e7a a trajet\u00f3ria de Leonardo Grossklags Locatelli e o impacto do Sion em sua vida pessoal e profissional Mais do que uma escola, o Col\u00e9gio Sion foi, para Leonardo Grossklags Locatelli, um ambiente de cuidado, acolhimento e desenvolvimento humano. Filho do professor Mauricio Rog\u00e9rio Locatelli, que atua no Ensino Religioso e coordenador de Esportes do [&hellip;]<\/p>\n","protected":false},"author":4,"featured_media":0,"comment_status":"open","ping_status":"open","sticky":false,"template":"","format":"standard","meta":{"footnotes":""},"categories":[28],"tags":[11],"class_list":["post-10083","post","type-post","status-publish","format-standard","hentry","category-aluno-sion","tag-noticias"],"yoast_head":"<!-- This site is optimized with the Yoast SEO plugin v26.8 - https:\/\/yoast.com\/product\/yoast-seo-wordpress\/ -->\n<title>A forma\u00e7\u00e3o que acompanha para sempre - Sion Solitude<\/title>\n<meta name=\"robots\" content=\"index, follow, max-snippet:-1, max-image-preview:large, max-video-preview:-1\" \/>\n<link rel=\"canonical\" href=\"https:\/\/sioncuritiba.com.br\/solitude\/blog\/aluno-sion\/a-formacao-que-acompanha-para-sempre\/\" \/>\n<meta property=\"og:locale\" content=\"pt_BR\" \/>\n<meta property=\"og:type\" content=\"article\" \/>\n<meta property=\"og:title\" content=\"A forma\u00e7\u00e3o que acompanha para sempre - Sion Solitude\" \/>\n<meta property=\"og:description\" content=\"Conhe\u00e7a a trajet\u00f3ria de Leonardo Grossklags Locatelli e o impacto do Sion em sua vida pessoal e profissional Mais do que uma escola, o Col\u00e9gio Sion foi, para Leonardo Grossklags Locatelli, um ambiente de cuidado, acolhimento e desenvolvimento humano. Filho do professor Mauricio Rog\u00e9rio Locatelli, que atua no Ensino Religioso e coordenador de Esportes do [&hellip;]\" \/>\n<meta property=\"og:url\" content=\"https:\/\/sioncuritiba.com.br\/solitude\/blog\/aluno-sion\/a-formacao-que-acompanha-para-sempre\/\" \/>\n<meta property=\"og:site_name\" content=\"Sion Solitude\" \/>\n<meta property=\"article:published_time\" content=\"2025-12-15T20:40:14+00:00\" \/>\n<meta property=\"article:modified_time\" content=\"2025-12-19T12:51:25+00:00\" \/>\n<meta name=\"author\" content=\"vogg\" \/>\n<meta name=\"twitter:card\" content=\"summary_large_image\" \/>\n<meta name=\"twitter:label1\" content=\"Escrito por\" \/>\n\t<meta name=\"twitter:data1\" content=\"vogg\" \/>\n\t<meta name=\"twitter:label2\" content=\"Est. tempo de leitura\" \/>\n\t<meta name=\"twitter:data2\" content=\"4 minutos\" \/>\n<script type=\"application\/ld+json\" class=\"yoast-schema-graph\">{\"@context\":\"https:\/\/schema.org\",\"@graph\":[{\"@type\":\"Article\",\"@id\":\"https:\/\/sioncuritiba.com.br\/solitude\/blog\/aluno-sion\/a-formacao-que-acompanha-para-sempre\/#article\",\"isPartOf\":{\"@id\":\"https:\/\/sioncuritiba.com.br\/solitude\/blog\/aluno-sion\/a-formacao-que-acompanha-para-sempre\/\"},\"author\":{\"name\":\"vogg\",\"@id\":\"https:\/\/sioncuritiba.com.br\/solitude\/#\/schema\/person\/7024db605a5916ba47629c5755ff6502\"},\"headline\":\"A forma\u00e7\u00e3o que acompanha para sempre\",\"datePublished\":\"2025-12-15T20:40:14+00:00\",\"dateModified\":\"2025-12-19T12:51:25+00:00\",\"mainEntityOfPage\":{\"@id\":\"https:\/\/sioncuritiba.com.br\/solitude\/blog\/aluno-sion\/a-formacao-que-acompanha-para-sempre\/\"},\"wordCount\":695,\"commentCount\":0,\"keywords\":[\"Not\u00edcias\"],\"articleSection\":[\"Aluno Sion\"],\"inLanguage\":\"pt-BR\",\"potentialAction\":[{\"@type\":\"CommentAction\",\"name\":\"Comment\",\"target\":[\"https:\/\/sioncuritiba.com.br\/solitude\/blog\/aluno-sion\/a-formacao-que-acompanha-para-sempre\/#respond\"]}]},{\"@type\":\"WebPage\",\"@id\":\"https:\/\/sioncuritiba.com.br\/solitude\/blog\/aluno-sion\/a-formacao-que-acompanha-para-sempre\/\",\"url\":\"https:\/\/sioncuritiba.com.br\/solitude\/blog\/aluno-sion\/a-formacao-que-acompanha-para-sempre\/\",\"name\":\"A forma\u00e7\u00e3o que acompanha para sempre - Sion Solitude\",\"isPartOf\":{\"@id\":\"https:\/\/sioncuritiba.com.br\/solitude\/#website\"},\"datePublished\":\"2025-12-15T20:40:14+00:00\",\"dateModified\":\"2025-12-19T12:51:25+00:00\",\"author\":{\"@id\":\"https:\/\/sioncuritiba.com.br\/solitude\/#\/schema\/person\/7024db605a5916ba47629c5755ff6502\"},\"breadcrumb\":{\"@id\":\"https:\/\/sioncuritiba.com.br\/solitude\/blog\/aluno-sion\/a-formacao-que-acompanha-para-sempre\/#breadcrumb\"},\"inLanguage\":\"pt-BR\",\"potentialAction\":[{\"@type\":\"ReadAction\",\"target\":[\"https:\/\/sioncuritiba.com.br\/solitude\/blog\/aluno-sion\/a-formacao-que-acompanha-para-sempre\/\"]}]},{\"@type\":\"BreadcrumbList\",\"@id\":\"https:\/\/sioncuritiba.com.br\/solitude\/blog\/aluno-sion\/a-formacao-que-acompanha-para-sempre\/#breadcrumb\",\"itemListElement\":[{\"@type\":\"ListItem\",\"position\":1,\"name\":\"In\u00edcio\",\"item\":\"https:\/\/sioncuritiba.com.br\/solitude\/\"},{\"@type\":\"ListItem\",\"position\":2,\"name\":\"A forma\u00e7\u00e3o que acompanha para sempre\"}]},{\"@type\":\"WebSite\",\"@id\":\"https:\/\/sioncuritiba.com.br\/solitude\/#website\",\"url\":\"https:\/\/sioncuritiba.com.br\/solitude\/\",\"name\":\"Sion Solitude\",\"description\":\"S\u00f3 mais um site Col\u00e9gio Sion Sites\",\"potentialAction\":[{\"@type\":\"SearchAction\",\"target\":{\"@type\":\"EntryPoint\",\"urlTemplate\":\"https:\/\/sioncuritiba.com.br\/solitude\/?s={search_term_string}\"},\"query-input\":{\"@type\":\"PropertyValueSpecification\",\"valueRequired\":true,\"valueName\":\"search_term_string\"}}],\"inLanguage\":\"pt-BR\"},{\"@type\":\"Person\",\"@id\":\"https:\/\/sioncuritiba.com.br\/solitude\/#\/schema\/person\/7024db605a5916ba47629c5755ff6502\",\"name\":\"vogg\",\"image\":{\"@type\":\"ImageObject\",\"inLanguage\":\"pt-BR\",\"@id\":\"https:\/\/sioncuritiba.com.br\/solitude\/#\/schema\/person\/image\/\",\"url\":\"https:\/\/secure.gravatar.com\/avatar\/181ebb1d8097cb83d8793783c0600e745d5e0d68533687d92817ca6f6e841f9a?s=96&d=mm&r=g\",\"contentUrl\":\"https:\/\/secure.gravatar.com\/avatar\/181ebb1d8097cb83d8793783c0600e745d5e0d68533687d92817ca6f6e841f9a?s=96&d=mm&r=g\",\"caption\":\"vogg\"},\"url\":\"https:\/\/sioncuritiba.com.br\/solitude\/blog\/author\/vogg\/\"}]}<\/script>\n<!-- \/ Yoast SEO plugin. -->","yoast_head_json":{"title":"A forma\u00e7\u00e3o que acompanha para sempre - Sion Solitude","robots":{"index":"index","follow":"follow","max-snippet":"max-snippet:-1","max-image-preview":"max-image-preview:large","max-video-preview":"max-video-preview:-1"},"canonical":"https:\/\/sioncuritiba.com.br\/solitude\/blog\/aluno-sion\/a-formacao-que-acompanha-para-sempre\/","og_locale":"pt_BR","og_type":"article","og_title":"A forma\u00e7\u00e3o que acompanha para sempre - Sion Solitude","og_description":"Conhe\u00e7a a trajet\u00f3ria de Leonardo Grossklags Locatelli e o impacto do Sion em sua vida pessoal e profissional Mais do que uma escola, o Col\u00e9gio Sion foi, para Leonardo Grossklags Locatelli, um ambiente de cuidado, acolhimento e desenvolvimento humano. Filho do professor Mauricio Rog\u00e9rio Locatelli, que atua no Ensino Religioso e coordenador de Esportes do [&hellip;]","og_url":"https:\/\/sioncuritiba.com.br\/solitude\/blog\/aluno-sion\/a-formacao-que-acompanha-para-sempre\/","og_site_name":"Sion Solitude","article_published_time":"2025-12-15T20:40:14+00:00","article_modified_time":"2025-12-19T12:51:25+00:00","author":"vogg","twitter_card":"summary_large_image","twitter_misc":{"Escrito por":"vogg","Est. tempo de leitura":"4 minutos"},"schema":{"@context":"https:\/\/schema.org","@graph":[{"@type":"Article","@id":"https:\/\/sioncuritiba.com.br\/solitude\/blog\/aluno-sion\/a-formacao-que-acompanha-para-sempre\/#article","isPartOf":{"@id":"https:\/\/sioncuritiba.com.br\/solitude\/blog\/aluno-sion\/a-formacao-que-acompanha-para-sempre\/"},"author":{"name":"vogg","@id":"https:\/\/sioncuritiba.com.br\/solitude\/#\/schema\/person\/7024db605a5916ba47629c5755ff6502"},"headline":"A forma\u00e7\u00e3o que acompanha para sempre","datePublished":"2025-12-15T20:40:14+00:00","dateModified":"2025-12-19T12:51:25+00:00","mainEntityOfPage":{"@id":"https:\/\/sioncuritiba.com.br\/solitude\/blog\/aluno-sion\/a-formacao-que-acompanha-para-sempre\/"},"wordCount":695,"commentCount":0,"keywords":["Not\u00edcias"],"articleSection":["Aluno Sion"],"inLanguage":"pt-BR","potentialAction":[{"@type":"CommentAction","name":"Comment","target":["https:\/\/sioncuritiba.com.br\/solitude\/blog\/aluno-sion\/a-formacao-que-acompanha-para-sempre\/#respond"]}]},{"@type":"WebPage","@id":"https:\/\/sioncuritiba.com.br\/solitude\/blog\/aluno-sion\/a-formacao-que-acompanha-para-sempre\/","url":"https:\/\/sioncuritiba.com.br\/solitude\/blog\/aluno-sion\/a-formacao-que-acompanha-para-sempre\/","name":"A forma\u00e7\u00e3o que acompanha para sempre - Sion Solitude","isPartOf":{"@id":"https:\/\/sioncuritiba.com.br\/solitude\/#website"},"datePublished":"2025-12-15T20:40:14+00:00","dateModified":"2025-12-19T12:51:25+00:00","author":{"@id":"https:\/\/sioncuritiba.com.br\/solitude\/#\/schema\/person\/7024db605a5916ba47629c5755ff6502"},"breadcrumb":{"@id":"https:\/\/sioncuritiba.com.br\/solitude\/blog\/aluno-sion\/a-formacao-que-acompanha-para-sempre\/#breadcrumb"},"inLanguage":"pt-BR","potentialAction":[{"@type":"ReadAction","target":["https:\/\/sioncuritiba.com.br\/solitude\/blog\/aluno-sion\/a-formacao-que-acompanha-para-sempre\/"]}]},{"@type":"BreadcrumbList","@id":"https:\/\/sioncuritiba.com.br\/solitude\/blog\/aluno-sion\/a-formacao-que-acompanha-para-sempre\/#breadcrumb","itemListElement":[{"@type":"ListItem","position":1,"name":"In\u00edcio","item":"https:\/\/sioncuritiba.com.br\/solitude\/"},{"@type":"ListItem","position":2,"name":"A forma\u00e7\u00e3o que acompanha para sempre"}]},{"@type":"WebSite","@id":"https:\/\/sioncuritiba.com.br\/solitude\/#website","url":"https:\/\/sioncuritiba.com.br\/solitude\/","name":"Sion Solitude","description":"S\u00f3 mais um site Col\u00e9gio Sion Sites","potentialAction":[{"@type":"SearchAction","target":{"@type":"EntryPoint","urlTemplate":"https:\/\/sioncuritiba.com.br\/solitude\/?s={search_term_string}"},"query-input":{"@type":"PropertyValueSpecification","valueRequired":true,"valueName":"search_term_string"}}],"inLanguage":"pt-BR"},{"@type":"Person","@id":"https:\/\/sioncuritiba.com.br\/solitude\/#\/schema\/person\/7024db605a5916ba47629c5755ff6502","name":"vogg","image":{"@type":"ImageObject","inLanguage":"pt-BR","@id":"https:\/\/sioncuritiba.com.br\/solitude\/#\/schema\/person\/image\/","url":"https:\/\/secure.gravatar.com\/avatar\/181ebb1d8097cb83d8793783c0600e745d5e0d68533687d92817ca6f6e841f9a?s=96&d=mm&r=g","contentUrl":"https:\/\/secure.gravatar.com\/avatar\/181ebb1d8097cb83d8793783c0600e745d5e0d68533687d92817ca6f6e841f9a?s=96&d=mm&r=g","caption":"vogg"},"url":"https:\/\/sioncuritiba.com.br\/solitude\/blog\/author\/vogg\/"}]}},"_links":{"self":[{"href":"https:\/\/sioncuritiba.com.br\/solitude\/wp-json\/wp\/v2\/posts\/10083","targetHints":{"allow":["GET"]}}],"collection":[{"href":"https:\/\/sioncuritiba.com.br\/solitude\/wp-json\/wp\/v2\/posts"}],"about":[{"href":"https:\/\/sioncuritiba.com.br\/solitude\/wp-json\/wp\/v2\/types\/post"}],"author":[{"embeddable":true,"href":"https:\/\/sioncuritiba.com.br\/solitude\/wp-json\/wp\/v2\/users\/4"}],"replies":[{"embeddable":true,"href":"https:\/\/sioncuritiba.com.br\/solitude\/wp-json\/wp\/v2\/comments?post=10083"}],"version-history":[{"count":2,"href":"https:\/\/sioncuritiba.com.br\/solitude\/wp-json\/wp\/v2\/posts\/10083\/revisions"}],"predecessor-version":[{"id":10094,"href":"https:\/\/sioncuritiba.com.br\/solitude\/wp-json\/wp\/v2\/posts\/10083\/revisions\/10094"}],"wp:attachment":[{"href":"https:\/\/sioncuritiba.com.br\/solitude\/wp-json\/wp\/v2\/media?parent=10083"}],"wp:term":[{"taxonomy":"category","embeddable":true,"href":"https:\/\/sioncuritiba.com.br\/solitude\/wp-json\/wp\/v2\/categories?post=10083"},{"taxonomy":"post_tag","embeddable":true,"href":"https:\/\/sioncuritiba.com.br\/solitude\/wp-json\/wp\/v2\/tags?post=10083"}],"curies":[{"name":"wp","href":"https:\/\/api.w.org\/{rel}","templated":true}]}}