{"id":10331,"date":"2026-03-20T11:28:44","date_gmt":"2026-03-20T14:28:44","guid":{"rendered":"https:\/\/sioncuritiba.com.br\/solitude\/?p=10331"},"modified":"2026-03-20T11:28:44","modified_gmt":"2026-03-20T14:28:44","slug":"dia-do-contador-de-historias-celebra-a-arte-de-narrar-e-transformar-vidas","status":"publish","type":"post","link":"https:\/\/sioncuritiba.com.br\/solitude\/blog\/comunidade-sionense\/dia-do-contador-de-historias-celebra-a-arte-de-narrar-e-transformar-vidas\/","title":{"rendered":"Dia do Contador de Hist\u00f3rias celebra a arte de narrar e transformar vidas"},"content":{"rendered":"\n<p>No Dia do Contador de Hist\u00f3rias, celebrado em 20 de mar\u00e7o, profissionais que mant\u00eam viva a tradi\u00e7\u00e3o da oralidade refor\u00e7am o papel da narrativa na forma\u00e7\u00e3o cultural e emocional de crian\u00e7as, jovens e adultos. Em Curitiba, a empres\u00e1ria, publicit\u00e1ria, escritora e contadora de hist\u00f3rias Cristiane Giamberardino Rochavetz Rosa construiu uma trajet\u00f3ria que une mem\u00f3ria afetiva, forma\u00e7\u00e3o t\u00e9cnica e atua\u00e7\u00e3o social.<\/p>\n\n\n\n<p>A rela\u00e7\u00e3o com as hist\u00f3rias come\u00e7ou ainda na inf\u00e2ncia. \u201cTenho mem\u00f3ria afetiva de conta\u00e7\u00e3o de hist\u00f3rias com minha av\u00f3 materna. Ela sempre me contava hist\u00f3rias da sua vida e outras tantas inventadas\u201d, relembra. Al\u00e9m das narrativas familiares, Cris cultivava o h\u00e1bito de ouvir discos de vinil com contos cl\u00e1ssicos. \u201cPassava horas ouvindo as narrativas. Esses fatos geraram um encantamento interno\u201d, afirma.<\/p>\n\n\n\n<h3 class=\"wp-block-heading\"><strong>Forma\u00e7\u00e3o e especializa\u00e7\u00e3o<\/strong><\/h3>\n\n\n\n<p>O encantamento se transformou em decis\u00e3o profissional em 2007, quando buscou forma\u00e7\u00e3o no Instituto Hist\u00f3ria Viva. \u201cFiz o curso A Arte de Contar Hist\u00f3rias para ser volunt\u00e1ria como contadora de hist\u00f3rias em hospitais. Essa experi\u00eancia foi transformadora e me motivou a buscar estudos e especializa\u00e7\u00f5es na \u00e1rea\u201d, conta.<\/p>\n\n\n\n<p>A partir da\u00ed, investiu em cursos livres, extens\u00e3o e p\u00f3s-gradua\u00e7\u00e3o. Passou pela Casa do Contador de Hist\u00f3rias de Curitiba, fez p\u00f3s-gradua\u00e7\u00e3o em Conta\u00e7\u00e3o de Hist\u00f3rias e Literatura Infantojuvenil, aperfei\u00e7oamento em Narra\u00e7\u00e3o Oral e Literatura Infantil, al\u00e9m de curso de Media\u00e7\u00e3o de Leitura. Atualmente, amplia o repert\u00f3rio com estudos em ventriloquia. \u201cO estudo \u00e9 cont\u00ednuo\u201d, resume.<\/p>\n\n\n\n<p>Com forma\u00e7\u00e3o consolidada e viv\u00eancia em hospitais, escolas, feiras liter\u00e1rias, casas de repouso e casas de passagem, Cris tamb\u00e9m passou a ministrar cursos de forma\u00e7\u00e3o. \u201cHoje compartilho essa experi\u00eancia formando novos contadores de hist\u00f3rias\u201d, explica.<\/p>\n\n\n\n<h3 class=\"wp-block-heading\"><strong>T\u00e9cnica, entrega e presen\u00e7a<\/strong><\/h3>\n\n\n\n<p>Para quem deseja ingressar na \u00e1rea, ela aponta que a t\u00e9cnica \u00e9 importante, mas n\u00e3o \u00e9 o ponto de partida. \u201cO principal \u00e9 a vontade. Querer se doar atrav\u00e9s de uma hist\u00f3ria, colocar sua energia, criatividade e entrega numa conta\u00e7\u00e3o\u201d, afirma.<\/p>\n\n\n\n<p>Segundo ela, a narra\u00e7\u00e3o oral exige dom\u00ednio de recursos expressivos. \u201cO olhar, as express\u00f5es faciais e corporais e a voz s\u00e3o atributos fundamentais. A hist\u00f3ria passa pelo corpo inteiro\u201d, destaca.<\/p>\n\n\n\n<h3 class=\"wp-block-heading\"><strong>Literatura autoral e media\u00e7\u00e3o de leitura<\/strong><\/h3>\n\n\n\n<p>Al\u00e9m de contadora de hist\u00f3ria, Cris tamb\u00e9m \u00e9 autora de literatura infanto-juvenil com as obras Plufstein e Gargarria, al\u00e9m de participar com poemas em diversas antologias po\u00e9ticas. Atualmente, organiza duas colet\u00e2neas, sendo uma em homenagem ao livro O Pequeno Pr\u00edncipe, em parceria com a irm\u00e3.<\/p>\n\n\n\n<p>A autora utiliza suas pr\u00f3prias obras nas apresenta\u00e7\u00f5es. \u201cA conta\u00e7\u00e3o \u00e9 diferente da leitura, uma complementa a outra e abre caminhos de reflex\u00e3o e encantamento diversificados\u201d, explica. No caso de Gargarria, a performance ganha refor\u00e7o c\u00eanico. \u201cTenho at\u00e9 fantoches para enriquecer a conta\u00e7\u00e3o\u201d, conta.<\/p>\n\n\n\n<h3 class=\"wp-block-heading\"><strong>Prop\u00f3sito e impacto social<\/strong><\/h3>\n\n\n\n<p>A atua\u00e7\u00e3o de Cris abrange diferentes p\u00fablicos e contextos: grupos de estudo, palestras, semin\u00e1rios, feiras liter\u00e1rias, escolas, casas de repouso, hospitais e forma\u00e7\u00f5es em geral. \u201c\u00c9 para todas as idades\u201d, afirma.<\/p>\n\n\n\n<p>Para ela, o retorno vai al\u00e9m do reconhecimento profissional. \u201cTraz muita alegria e felicidade. Costumo falar que quando estou contando hist\u00f3rias eu sou. Estou exercendo meu prop\u00f3sito, aquilo em que acredito\u201d, declara.<\/p>\n\n\n\n<p>\u00c0 frente da CriSatividade Saberes e Narrativas, Cris concilia o trabalho profissional com a\u00e7\u00f5es volunt\u00e1rias. No Dia do Contador de Hist\u00f3rias, sua trajet\u00f3ria evidencia que narrar \u00e9 mais do que entreter: \u00e9 criar v\u00ednculos, ampliar repert\u00f3rios e oferecer experi\u00eancias que permanecem na mem\u00f3ria.<\/p>\n","protected":false},"excerpt":{"rendered":"<p>No Dia do Contador de Hist\u00f3rias, celebrado em 20 de mar\u00e7o, profissionais que mant\u00eam viva a tradi\u00e7\u00e3o da oralidade refor\u00e7am o papel da narrativa na forma\u00e7\u00e3o cultural e emocional de crian\u00e7as, jovens e adultos. Em Curitiba, a empres\u00e1ria, publicit\u00e1ria, escritora e contadora de hist\u00f3rias Cristiane Giamberardino Rochavetz Rosa construiu uma trajet\u00f3ria que une mem\u00f3ria afetiva, [&hellip;]<\/p>\n","protected":false},"author":4,"featured_media":10332,"comment_status":"open","ping_status":"open","sticky":false,"template":"","format":"standard","meta":{"footnotes":""},"categories":[29],"tags":[11],"class_list":["post-10331","post","type-post","status-publish","format-standard","has-post-thumbnail","hentry","category-comunidade-sionense","tag-noticias"],"yoast_head":"<!-- This site is optimized with the Yoast SEO plugin v26.8 - https:\/\/yoast.com\/product\/yoast-seo-wordpress\/ -->\n<title>Dia do Contador de Hist\u00f3rias celebra a arte de narrar e transformar vidas - Sion Solitude<\/title>\n<meta name=\"robots\" content=\"index, follow, max-snippet:-1, max-image-preview:large, max-video-preview:-1\" \/>\n<link rel=\"canonical\" href=\"https:\/\/sioncuritiba.com.br\/solitude\/blog\/comunidade-sionense\/dia-do-contador-de-historias-celebra-a-arte-de-narrar-e-transformar-vidas\/\" \/>\n<meta property=\"og:locale\" content=\"pt_BR\" \/>\n<meta property=\"og:type\" content=\"article\" \/>\n<meta property=\"og:title\" content=\"Dia do Contador de Hist\u00f3rias celebra a arte de narrar e transformar vidas - Sion Solitude\" \/>\n<meta property=\"og:description\" content=\"No Dia do Contador de Hist\u00f3rias, celebrado em 20 de mar\u00e7o, profissionais que mant\u00eam viva a tradi\u00e7\u00e3o da oralidade refor\u00e7am o papel da narrativa na forma\u00e7\u00e3o cultural e emocional de crian\u00e7as, jovens e adultos. Em Curitiba, a empres\u00e1ria, publicit\u00e1ria, escritora e contadora de hist\u00f3rias Cristiane Giamberardino Rochavetz Rosa construiu uma trajet\u00f3ria que une mem\u00f3ria afetiva, [&hellip;]\" \/>\n<meta property=\"og:url\" content=\"https:\/\/sioncuritiba.com.br\/solitude\/blog\/comunidade-sionense\/dia-do-contador-de-historias-celebra-a-arte-de-narrar-e-transformar-vidas\/\" \/>\n<meta property=\"og:site_name\" content=\"Sion Solitude\" \/>\n<meta property=\"article:published_time\" content=\"2026-03-20T14:28:44+00:00\" \/>\n<meta property=\"og:image\" content=\"https:\/\/sioncuritiba.com.br\/solitude\/wp-content\/uploads\/sites\/3\/2026\/03\/arte_01-1.png\" \/>\n\t<meta property=\"og:image:width\" content=\"1080\" \/>\n\t<meta property=\"og:image:height\" content=\"1350\" \/>\n\t<meta property=\"og:image:type\" content=\"image\/png\" \/>\n<meta name=\"author\" content=\"vogg\" \/>\n<meta name=\"twitter:card\" content=\"summary_large_image\" \/>\n<meta name=\"twitter:label1\" content=\"Escrito por\" \/>\n\t<meta name=\"twitter:data1\" content=\"vogg\" \/>\n\t<meta name=\"twitter:label2\" content=\"Est. tempo de leitura\" \/>\n\t<meta name=\"twitter:data2\" content=\"4 minutos\" \/>\n<script type=\"application\/ld+json\" class=\"yoast-schema-graph\">{\"@context\":\"https:\/\/schema.org\",\"@graph\":[{\"@type\":\"Article\",\"@id\":\"https:\/\/sioncuritiba.com.br\/solitude\/blog\/comunidade-sionense\/dia-do-contador-de-historias-celebra-a-arte-de-narrar-e-transformar-vidas\/#article\",\"isPartOf\":{\"@id\":\"https:\/\/sioncuritiba.com.br\/solitude\/blog\/comunidade-sionense\/dia-do-contador-de-historias-celebra-a-arte-de-narrar-e-transformar-vidas\/\"},\"author\":{\"name\":\"vogg\",\"@id\":\"https:\/\/sioncuritiba.com.br\/solitude\/#\/schema\/person\/7024db605a5916ba47629c5755ff6502\"},\"headline\":\"Dia do Contador de Hist\u00f3rias celebra a arte de narrar e transformar vidas\",\"datePublished\":\"2026-03-20T14:28:44+00:00\",\"mainEntityOfPage\":{\"@id\":\"https:\/\/sioncuritiba.com.br\/solitude\/blog\/comunidade-sionense\/dia-do-contador-de-historias-celebra-a-arte-de-narrar-e-transformar-vidas\/\"},\"wordCount\":645,\"commentCount\":0,\"image\":{\"@id\":\"https:\/\/sioncuritiba.com.br\/solitude\/blog\/comunidade-sionense\/dia-do-contador-de-historias-celebra-a-arte-de-narrar-e-transformar-vidas\/#primaryimage\"},\"thumbnailUrl\":\"https:\/\/sioncuritiba.com.br\/solitude\/wp-content\/uploads\/sites\/3\/2026\/03\/arte_01-1.png\",\"keywords\":[\"Not\u00edcias\"],\"articleSection\":[\"Comunidade Sionense\"],\"inLanguage\":\"pt-BR\",\"potentialAction\":[{\"@type\":\"CommentAction\",\"name\":\"Comment\",\"target\":[\"https:\/\/sioncuritiba.com.br\/solitude\/blog\/comunidade-sionense\/dia-do-contador-de-historias-celebra-a-arte-de-narrar-e-transformar-vidas\/#respond\"]}]},{\"@type\":\"WebPage\",\"@id\":\"https:\/\/sioncuritiba.com.br\/solitude\/blog\/comunidade-sionense\/dia-do-contador-de-historias-celebra-a-arte-de-narrar-e-transformar-vidas\/\",\"url\":\"https:\/\/sioncuritiba.com.br\/solitude\/blog\/comunidade-sionense\/dia-do-contador-de-historias-celebra-a-arte-de-narrar-e-transformar-vidas\/\",\"name\":\"Dia do Contador de Hist\u00f3rias celebra a arte de narrar e transformar vidas - Sion Solitude\",\"isPartOf\":{\"@id\":\"https:\/\/sioncuritiba.com.br\/solitude\/#website\"},\"primaryImageOfPage\":{\"@id\":\"https:\/\/sioncuritiba.com.br\/solitude\/blog\/comunidade-sionense\/dia-do-contador-de-historias-celebra-a-arte-de-narrar-e-transformar-vidas\/#primaryimage\"},\"image\":{\"@id\":\"https:\/\/sioncuritiba.com.br\/solitude\/blog\/comunidade-sionense\/dia-do-contador-de-historias-celebra-a-arte-de-narrar-e-transformar-vidas\/#primaryimage\"},\"thumbnailUrl\":\"https:\/\/sioncuritiba.com.br\/solitude\/wp-content\/uploads\/sites\/3\/2026\/03\/arte_01-1.png\",\"datePublished\":\"2026-03-20T14:28:44+00:00\",\"author\":{\"@id\":\"https:\/\/sioncuritiba.com.br\/solitude\/#\/schema\/person\/7024db605a5916ba47629c5755ff6502\"},\"breadcrumb\":{\"@id\":\"https:\/\/sioncuritiba.com.br\/solitude\/blog\/comunidade-sionense\/dia-do-contador-de-historias-celebra-a-arte-de-narrar-e-transformar-vidas\/#breadcrumb\"},\"inLanguage\":\"pt-BR\",\"potentialAction\":[{\"@type\":\"ReadAction\",\"target\":[\"https:\/\/sioncuritiba.com.br\/solitude\/blog\/comunidade-sionense\/dia-do-contador-de-historias-celebra-a-arte-de-narrar-e-transformar-vidas\/\"]}]},{\"@type\":\"ImageObject\",\"inLanguage\":\"pt-BR\",\"@id\":\"https:\/\/sioncuritiba.com.br\/solitude\/blog\/comunidade-sionense\/dia-do-contador-de-historias-celebra-a-arte-de-narrar-e-transformar-vidas\/#primaryimage\",\"url\":\"https:\/\/sioncuritiba.com.br\/solitude\/wp-content\/uploads\/sites\/3\/2026\/03\/arte_01-1.png\",\"contentUrl\":\"https:\/\/sioncuritiba.com.br\/solitude\/wp-content\/uploads\/sites\/3\/2026\/03\/arte_01-1.png\",\"width\":1080,\"height\":1350},{\"@type\":\"BreadcrumbList\",\"@id\":\"https:\/\/sioncuritiba.com.br\/solitude\/blog\/comunidade-sionense\/dia-do-contador-de-historias-celebra-a-arte-de-narrar-e-transformar-vidas\/#breadcrumb\",\"itemListElement\":[{\"@type\":\"ListItem\",\"position\":1,\"name\":\"In\u00edcio\",\"item\":\"https:\/\/sioncuritiba.com.br\/solitude\/\"},{\"@type\":\"ListItem\",\"position\":2,\"name\":\"Dia do Contador de Hist\u00f3rias celebra a arte de narrar e transformar vidas\"}]},{\"@type\":\"WebSite\",\"@id\":\"https:\/\/sioncuritiba.com.br\/solitude\/#website\",\"url\":\"https:\/\/sioncuritiba.com.br\/solitude\/\",\"name\":\"Sion Solitude\",\"description\":\"S\u00f3 mais um site Col\u00e9gio Sion Sites\",\"potentialAction\":[{\"@type\":\"SearchAction\",\"target\":{\"@type\":\"EntryPoint\",\"urlTemplate\":\"https:\/\/sioncuritiba.com.br\/solitude\/?s={search_term_string}\"},\"query-input\":{\"@type\":\"PropertyValueSpecification\",\"valueRequired\":true,\"valueName\":\"search_term_string\"}}],\"inLanguage\":\"pt-BR\"},{\"@type\":\"Person\",\"@id\":\"https:\/\/sioncuritiba.com.br\/solitude\/#\/schema\/person\/7024db605a5916ba47629c5755ff6502\",\"name\":\"vogg\",\"image\":{\"@type\":\"ImageObject\",\"inLanguage\":\"pt-BR\",\"@id\":\"https:\/\/sioncuritiba.com.br\/solitude\/#\/schema\/person\/image\/\",\"url\":\"https:\/\/secure.gravatar.com\/avatar\/181ebb1d8097cb83d8793783c0600e745d5e0d68533687d92817ca6f6e841f9a?s=96&d=mm&r=g\",\"contentUrl\":\"https:\/\/secure.gravatar.com\/avatar\/181ebb1d8097cb83d8793783c0600e745d5e0d68533687d92817ca6f6e841f9a?s=96&d=mm&r=g\",\"caption\":\"vogg\"},\"url\":\"https:\/\/sioncuritiba.com.br\/solitude\/blog\/author\/vogg\/\"}]}<\/script>\n<!-- \/ Yoast SEO plugin. -->","yoast_head_json":{"title":"Dia do Contador de Hist\u00f3rias celebra a arte de narrar e transformar vidas - Sion Solitude","robots":{"index":"index","follow":"follow","max-snippet":"max-snippet:-1","max-image-preview":"max-image-preview:large","max-video-preview":"max-video-preview:-1"},"canonical":"https:\/\/sioncuritiba.com.br\/solitude\/blog\/comunidade-sionense\/dia-do-contador-de-historias-celebra-a-arte-de-narrar-e-transformar-vidas\/","og_locale":"pt_BR","og_type":"article","og_title":"Dia do Contador de Hist\u00f3rias celebra a arte de narrar e transformar vidas - Sion Solitude","og_description":"No Dia do Contador de Hist\u00f3rias, celebrado em 20 de mar\u00e7o, profissionais que mant\u00eam viva a tradi\u00e7\u00e3o da oralidade refor\u00e7am o papel da narrativa na forma\u00e7\u00e3o cultural e emocional de crian\u00e7as, jovens e adultos. Em Curitiba, a empres\u00e1ria, publicit\u00e1ria, escritora e contadora de hist\u00f3rias Cristiane Giamberardino Rochavetz Rosa construiu uma trajet\u00f3ria que une mem\u00f3ria afetiva, [&hellip;]","og_url":"https:\/\/sioncuritiba.com.br\/solitude\/blog\/comunidade-sionense\/dia-do-contador-de-historias-celebra-a-arte-de-narrar-e-transformar-vidas\/","og_site_name":"Sion Solitude","article_published_time":"2026-03-20T14:28:44+00:00","og_image":[{"width":1080,"height":1350,"url":"https:\/\/sioncuritiba.com.br\/solitude\/wp-content\/uploads\/sites\/3\/2026\/03\/arte_01-1.png","type":"image\/png"}],"author":"vogg","twitter_card":"summary_large_image","twitter_misc":{"Escrito por":"vogg","Est. tempo de leitura":"4 minutos"},"schema":{"@context":"https:\/\/schema.org","@graph":[{"@type":"Article","@id":"https:\/\/sioncuritiba.com.br\/solitude\/blog\/comunidade-sionense\/dia-do-contador-de-historias-celebra-a-arte-de-narrar-e-transformar-vidas\/#article","isPartOf":{"@id":"https:\/\/sioncuritiba.com.br\/solitude\/blog\/comunidade-sionense\/dia-do-contador-de-historias-celebra-a-arte-de-narrar-e-transformar-vidas\/"},"author":{"name":"vogg","@id":"https:\/\/sioncuritiba.com.br\/solitude\/#\/schema\/person\/7024db605a5916ba47629c5755ff6502"},"headline":"Dia do Contador de Hist\u00f3rias celebra a arte de narrar e transformar vidas","datePublished":"2026-03-20T14:28:44+00:00","mainEntityOfPage":{"@id":"https:\/\/sioncuritiba.com.br\/solitude\/blog\/comunidade-sionense\/dia-do-contador-de-historias-celebra-a-arte-de-narrar-e-transformar-vidas\/"},"wordCount":645,"commentCount":0,"image":{"@id":"https:\/\/sioncuritiba.com.br\/solitude\/blog\/comunidade-sionense\/dia-do-contador-de-historias-celebra-a-arte-de-narrar-e-transformar-vidas\/#primaryimage"},"thumbnailUrl":"https:\/\/sioncuritiba.com.br\/solitude\/wp-content\/uploads\/sites\/3\/2026\/03\/arte_01-1.png","keywords":["Not\u00edcias"],"articleSection":["Comunidade Sionense"],"inLanguage":"pt-BR","potentialAction":[{"@type":"CommentAction","name":"Comment","target":["https:\/\/sioncuritiba.com.br\/solitude\/blog\/comunidade-sionense\/dia-do-contador-de-historias-celebra-a-arte-de-narrar-e-transformar-vidas\/#respond"]}]},{"@type":"WebPage","@id":"https:\/\/sioncuritiba.com.br\/solitude\/blog\/comunidade-sionense\/dia-do-contador-de-historias-celebra-a-arte-de-narrar-e-transformar-vidas\/","url":"https:\/\/sioncuritiba.com.br\/solitude\/blog\/comunidade-sionense\/dia-do-contador-de-historias-celebra-a-arte-de-narrar-e-transformar-vidas\/","name":"Dia do Contador de Hist\u00f3rias celebra a arte de narrar e transformar vidas - Sion Solitude","isPartOf":{"@id":"https:\/\/sioncuritiba.com.br\/solitude\/#website"},"primaryImageOfPage":{"@id":"https:\/\/sioncuritiba.com.br\/solitude\/blog\/comunidade-sionense\/dia-do-contador-de-historias-celebra-a-arte-de-narrar-e-transformar-vidas\/#primaryimage"},"image":{"@id":"https:\/\/sioncuritiba.com.br\/solitude\/blog\/comunidade-sionense\/dia-do-contador-de-historias-celebra-a-arte-de-narrar-e-transformar-vidas\/#primaryimage"},"thumbnailUrl":"https:\/\/sioncuritiba.com.br\/solitude\/wp-content\/uploads\/sites\/3\/2026\/03\/arte_01-1.png","datePublished":"2026-03-20T14:28:44+00:00","author":{"@id":"https:\/\/sioncuritiba.com.br\/solitude\/#\/schema\/person\/7024db605a5916ba47629c5755ff6502"},"breadcrumb":{"@id":"https:\/\/sioncuritiba.com.br\/solitude\/blog\/comunidade-sionense\/dia-do-contador-de-historias-celebra-a-arte-de-narrar-e-transformar-vidas\/#breadcrumb"},"inLanguage":"pt-BR","potentialAction":[{"@type":"ReadAction","target":["https:\/\/sioncuritiba.com.br\/solitude\/blog\/comunidade-sionense\/dia-do-contador-de-historias-celebra-a-arte-de-narrar-e-transformar-vidas\/"]}]},{"@type":"ImageObject","inLanguage":"pt-BR","@id":"https:\/\/sioncuritiba.com.br\/solitude\/blog\/comunidade-sionense\/dia-do-contador-de-historias-celebra-a-arte-de-narrar-e-transformar-vidas\/#primaryimage","url":"https:\/\/sioncuritiba.com.br\/solitude\/wp-content\/uploads\/sites\/3\/2026\/03\/arte_01-1.png","contentUrl":"https:\/\/sioncuritiba.com.br\/solitude\/wp-content\/uploads\/sites\/3\/2026\/03\/arte_01-1.png","width":1080,"height":1350},{"@type":"BreadcrumbList","@id":"https:\/\/sioncuritiba.com.br\/solitude\/blog\/comunidade-sionense\/dia-do-contador-de-historias-celebra-a-arte-de-narrar-e-transformar-vidas\/#breadcrumb","itemListElement":[{"@type":"ListItem","position":1,"name":"In\u00edcio","item":"https:\/\/sioncuritiba.com.br\/solitude\/"},{"@type":"ListItem","position":2,"name":"Dia do Contador de Hist\u00f3rias celebra a arte de narrar e transformar vidas"}]},{"@type":"WebSite","@id":"https:\/\/sioncuritiba.com.br\/solitude\/#website","url":"https:\/\/sioncuritiba.com.br\/solitude\/","name":"Sion Solitude","description":"S\u00f3 mais um site Col\u00e9gio Sion Sites","potentialAction":[{"@type":"SearchAction","target":{"@type":"EntryPoint","urlTemplate":"https:\/\/sioncuritiba.com.br\/solitude\/?s={search_term_string}"},"query-input":{"@type":"PropertyValueSpecification","valueRequired":true,"valueName":"search_term_string"}}],"inLanguage":"pt-BR"},{"@type":"Person","@id":"https:\/\/sioncuritiba.com.br\/solitude\/#\/schema\/person\/7024db605a5916ba47629c5755ff6502","name":"vogg","image":{"@type":"ImageObject","inLanguage":"pt-BR","@id":"https:\/\/sioncuritiba.com.br\/solitude\/#\/schema\/person\/image\/","url":"https:\/\/secure.gravatar.com\/avatar\/181ebb1d8097cb83d8793783c0600e745d5e0d68533687d92817ca6f6e841f9a?s=96&d=mm&r=g","contentUrl":"https:\/\/secure.gravatar.com\/avatar\/181ebb1d8097cb83d8793783c0600e745d5e0d68533687d92817ca6f6e841f9a?s=96&d=mm&r=g","caption":"vogg"},"url":"https:\/\/sioncuritiba.com.br\/solitude\/blog\/author\/vogg\/"}]}},"_links":{"self":[{"href":"https:\/\/sioncuritiba.com.br\/solitude\/wp-json\/wp\/v2\/posts\/10331","targetHints":{"allow":["GET"]}}],"collection":[{"href":"https:\/\/sioncuritiba.com.br\/solitude\/wp-json\/wp\/v2\/posts"}],"about":[{"href":"https:\/\/sioncuritiba.com.br\/solitude\/wp-json\/wp\/v2\/types\/post"}],"author":[{"embeddable":true,"href":"https:\/\/sioncuritiba.com.br\/solitude\/wp-json\/wp\/v2\/users\/4"}],"replies":[{"embeddable":true,"href":"https:\/\/sioncuritiba.com.br\/solitude\/wp-json\/wp\/v2\/comments?post=10331"}],"version-history":[{"count":1,"href":"https:\/\/sioncuritiba.com.br\/solitude\/wp-json\/wp\/v2\/posts\/10331\/revisions"}],"predecessor-version":[{"id":10333,"href":"https:\/\/sioncuritiba.com.br\/solitude\/wp-json\/wp\/v2\/posts\/10331\/revisions\/10333"}],"wp:featuredmedia":[{"embeddable":true,"href":"https:\/\/sioncuritiba.com.br\/solitude\/wp-json\/wp\/v2\/media\/10332"}],"wp:attachment":[{"href":"https:\/\/sioncuritiba.com.br\/solitude\/wp-json\/wp\/v2\/media?parent=10331"}],"wp:term":[{"taxonomy":"category","embeddable":true,"href":"https:\/\/sioncuritiba.com.br\/solitude\/wp-json\/wp\/v2\/categories?post=10331"},{"taxonomy":"post_tag","embeddable":true,"href":"https:\/\/sioncuritiba.com.br\/solitude\/wp-json\/wp\/v2\/tags?post=10331"}],"curies":[{"name":"wp","href":"https:\/\/api.w.org\/{rel}","templated":true}]}}